{"id":41528,"date":"2021-06-14T22:00:59","date_gmt":"2021-06-15T01:00:59","guid":{"rendered":"http:\/\/blogdomarcellopatriota.com.br\/blog\/?p=41528"},"modified":"2021-06-14T22:37:10","modified_gmt":"2021-06-15T01:37:10","slug":"sertao-do-pajeu-confirma-6-obitos-por-covid-19-nas-ultimas-72-horas-e-totaliza-551","status":"publish","type":"post","link":"https:\/\/blogdomarcellopatriota.com.br\/blog\/sertao-do-pajeu-confirma-6-obitos-por-covid-19-nas-ultimas-72-horas-e-totaliza-551\/","title":{"rendered":"Sert\u00e3o do Paje\u00fa confirma 6 \u00f3bitos por Covid-19 nas \u00faltimas 72 horas e totaliza 551"},"content":{"rendered":"<p><b><i><a href=\"https:\/\/i2.wp.com\/nilljunior.com.br\/wp-content\/uploads\/2020\/07\/covid-1024x653.jpg?ssl=1\"><img fetchpriority=\"high\" decoding=\"async\" class=\"alignleft wp-image-180083\" src=\"https:\/\/i2.wp.com\/nilljunior.com.br\/wp-content\/uploads\/2020\/07\/covid-1024x653.jpg?resize=400%2C255&amp;ssl=1\" sizes=\"(max-width: 400px) 100vw, 400px\" srcset=\"https:\/\/i2.wp.com\/nilljunior.com.br\/wp-content\/uploads\/2020\/07\/covid-1024x653.jpg?resize=1024%2C653&amp;ssl=1 1024w, https:\/\/i2.wp.com\/nilljunior.com.br\/wp-content\/uploads\/2020\/07\/covid-1024x653.jpg?resize=300%2C191&amp;ssl=1 300w, https:\/\/i2.wp.com\/nilljunior.com.br\/wp-content\/uploads\/2020\/07\/covid-1024x653.jpg?resize=768%2C490&amp;ssl=1 768w, https:\/\/i2.wp.com\/nilljunior.com.br\/wp-content\/uploads\/2020\/07\/covid-1024x653.jpg?resize=600%2C383&amp;ssl=1 600w\" alt=\"\" width=\"400\" height=\"255\" data-attachment-id=\"180083\" data-permalink=\"https:\/\/nilljunior.com.br\/serra-talhada-chega-a-15-obitos-por-covid-19\/coronavirus-europa-hospitales\/\" data-orig-file=\"https:\/\/i2.wp.com\/nilljunior.com.br\/wp-content\/uploads\/2020\/07\/covid-1024x653.jpg?fit=1024%2C653&amp;ssl=1\" data-orig-size=\"1024,653\" data-comments-opened=\"1\" data-image-meta=\"{&quot;aperture&quot;:&quot;2.8&quot;,&quot;credit&quot;:&quot;AP&quot;,&quot;camera&quot;:&quot;Canon EOS-1D X Mark II&quot;,&quot;caption&quot;:&quot;Foto tomada el 27 de marzo de 2020 de un enfermo de coronavirus en un hospital en B\\u00e9lgica.   (AP Photo\\\/Francisco Seco, File)&quot;,&quot;created_timestamp&quot;:&quot;1585307839&quot;,&quot;copyright&quot;:&quot;Copyright 2020 The Associated Press. All rights reserved.&quot;,&quot;focal_length&quot;:&quot;59&quot;,&quot;iso&quot;:&quot;1250&quot;,&quot;shutter_speed&quot;:&quot;0.00125&quot;,&quot;title&quot;:&quot;CORONAVIRUS EUROPA HOSPITALES&quot;,&quot;orientation&quot;:&quot;1&quot;}\" data-image-title=\"CORONAVIRUS EUROPA HOSPITALES\" data-image-description=\"\" data-medium-file=\"https:\/\/i2.wp.com\/nilljunior.com.br\/wp-content\/uploads\/2020\/07\/covid-1024x653.jpg?fit=300%2C191&amp;ssl=1\" data-large-file=\"https:\/\/i2.wp.com\/nilljunior.com.br\/wp-content\/uploads\/2020\/07\/covid-1024x653.jpg?fit=600%2C383&amp;ssl=1\" \/><\/a>Afogados da Ingazeira, Flores, Itapetim, Quixaba, Santa Terezinha e Tabira confirmaram novos \u00f3bitos pela doen\u00e7a.<\/i><\/b><\/p>\n<p><b>Por Andr\u00e9 Luis \/Blog Nill Jr<\/b><\/p>\n<p>Nesta segunda-feira (14.06), foram notificados na regi\u00e3o do Sert\u00e3o do Paje\u00fa, mais 484 novos casos positivos de Covid-19, 367 recuperados e 6 novos \u00f3bitos, nas \u00faltimas\u00a0<b>72 horas.<\/b><\/p>\n<p>Agora o Sert\u00e3o do Paje\u00fa conta com\u00a0<b>29.541<\/b>\u00a0casos confirmados,\u00a0<b>27.785<\/b>\u00a0recuperados (94,05%),\u00a0<b>551\u00a0<\/b>\u00f3bitos e\u00a0<b>1.205\u00a0<\/b>casos ativos da doen\u00e7a.<\/p>\n<p><b>Abaixo seguem as informa\u00e7\u00f5es detalhadas, por ordem alfab\u00e9tica, relativas a cada munic\u00edpio do Sert\u00e3o do Paje\u00fa nas \u00faltimas 72 horas:<\/b><\/p>\n<p><b>Afogados da Ingazeira<\/b>\u00a0registrou 56 novos casos positivos, 81 recuperados e 1 novo \u00f3bito. O munic\u00edpio conta com 5.092 casos confirmados, 4.793 recuperados, 66 \u00f3bitos e 233 casos ativos. O 66\u00ba \u00f3bito se trata de paciente do sexo masculino, 54 anos, agricultor e m\u00fasico, tabagista. Faleceu em 08\/06 no Hospital Regional Em\u00edlia C\u00e2mara.<\/p>\n<p><b>Brejinho<\/b>\u00a0registrou 10 novos casos positivos e 3 recuperados. O munic\u00edpio conta com 712 casos confirmados, 666 recuperados, 20 \u00f3bitos e 26 casos ativos.<\/p>\n<p><b>Calumbi\u00a0<\/b>\u00a0registrou 14 novos casos positivos e 8 recuperados. O munic\u00edpio conta com 591 casos confirmados, 515 recuperados, 4 \u00f3bitos e 72 casos ativos da doen\u00e7a.<\/p>\n<p><b>Carna\u00edba\u00a0<\/b>\u00a0registrou 43 novos casos positivos e 4 recuperados. O munic\u00edpio conta com 1.791 casos confirmados, 1.652 recuperados, 33 \u00f3bitos e 106 casos ativos da doen\u00e7a.<\/p>\n<p><b>Flores<\/b>\u00a0registrou 2 novos casos positivos, 2 recuperados e 1 novo \u00f3bito. O munic\u00edpio conta com 911 casos confirmados, 830 recuperados, 31 \u00f3bitos e 50 casos ativos.<\/p>\n<p><b>Iguaracy<\/b>\u00a0registrou 20 novos casos positivos e 15 recuperados. O munic\u00edpio conta com 733 casos confirmados, 684 recuperados, 24 \u00f3bitos e 25 casos ativos.<\/p>\n<p><b>Ingazeira<\/b>\u00a0registrou 10 novos casos positivos e 8 recuperados. O munic\u00edpio conta com 407 casos confirmados, 389 recuperados, 6 \u00f3bitos e 12 casos ativos.<\/p>\n<p><b>Itapetim<\/b>\u00a0registrou 39 novos casos positivos, 17 recuperados e 1 novo \u00f3bito. O munic\u00edpio conta com 1.152 casos confirmados, 1.055 recuperados, 27 \u00f3bitos e 70 casos ativos. A Secretaria de Sa\u00fade n\u00e3o divulgou detalhes sobre o \u00f3bito ocorrido.<\/p>\n<p><b>Quixaba<\/b>\u00a0registrou 11 novos casos positivos, 7 recuperados e 1 novo \u00f3bito. O munic\u00edpio conta com 469 casos confirmados, 429 recuperados, 14 \u00f3bitos e 26 casos ativos. O 14\u00ba \u00f3bito se trata de paciente do sexo feminino, 52 anos.<\/p>\n<p><b>Santa Cruz da Baixa Verde<\/b>\u00a0registrou 7 novos casos positivos e 7 recuperados. O munic\u00edpio conta com 576 casos confirmados, 535 recuperados, 17 \u00f3bitos e 24 casos ativos.<\/p>\n<p><b>Santa Terezinha<\/b>\u00a0registrou 21 novos casos positivos, 8 recuperados e 1 novo \u00f3bito. O munic\u00edpio conta com 960 casos confirmados, 903 recuperados, 26 \u00f3bitos e 31 casos ativos. A Secretaria de Sa\u00fade n\u00e3o divulgou detalhes sobre o \u00f3bito ocorrido.<\/p>\n<p><b>S\u00e3o Jos\u00e9 do Egito<\/b>\u00a0registrou 44 novos casos positivos e 56 recuperados. O munic\u00edpio conta com 2.330 casos confirmados, 2.236 recuperados, 44 \u00f3bitos e 50 casos ativos.<\/p>\n<p><b>Serra Talhada<\/b>\u00a0registrou 96 novos casos positivos e 84 recuperados. O munic\u00edpio conta com 9.258 casos confirmados, 8.887 recuperados, 150 \u00f3bitos e 221 casos ativos da doen\u00e7a.<\/p>\n<p><b>Solid\u00e3o<\/b>\u00a0registrou 18 novos casos positivos. O munic\u00edpio conta com 603 casos confirmados, 564 recuperados, 3 \u00f3bitos e 36 casos ativos.<\/p>\n<p><b>Tabira<\/b>\u00a0registrou 70 novos casos positivos, 50 recuperados e 1 novo \u00f3bito. O munic\u00edpio conta com 2.629 casos confirmados, 2.415 recuperados, 37 \u00f3bitos e 177 casos ativos. A Secretaria de Sa\u00fade n\u00e3o divulgou detalhes sobre o \u00f3bito ocorrido.<\/p>\n<p><b>Triunfo\u00a0<\/b>registrou 12 novos casos positivos e 6 recuperados. O munic\u00edpio conta com 855 casos confirmados, 800 recuperados, 25 \u00f3bitos e 30 casos ativos.<\/p>\n<p><b>Tuparetama<\/b>\u00a0registrou 11 novos casos positivos e 11 recuperados. O munic\u00edpio conta com 472 casos confirmados, 432 recuperados, 24 \u00f3bitos e 16 casos ativos da doen\u00e7a.<\/p>\n","protected":false},"excerpt":{"rendered":"<p>Afogados da Ingazeira, Flores, Itapetim, Quixaba, Santa Terezinha e Tabira confirmaram novos &oacute;bitos pela doen&ccedil;a. Por Andr&eacute; Luis \/Blog Nill Jr Nesta segunda-feira (14.06), foram notificados na regi&atilde;o do Sert&atilde;o do Paje&uacute;, mais 484 novos casos positivos de Covid-19, 367 recuperados e 6 novos &oacute;bitos, nas &uacute;ltimas&nbsp;72 horas. Agora o Sert&atilde;o do Paje&uacute; conta com&nbsp;29.541&nbsp;casos &#8230; <a title=\"Sert\u00e3o do Paje\u00fa confirma 6 \u00f3bitos por Covid-19 nas \u00faltimas 72 horas e totaliza 551\" class=\"read-more\" href=\"https:\/\/blogdomarcellopatriota.com.br\/blog\/sertao-do-pajeu-confirma-6-obitos-por-covid-19-nas-ultimas-72-horas-e-totaliza-551\/\" aria-label=\"Read more about Sert\u00e3o do Paje\u00fa confirma 6 \u00f3bitos por Covid-19 nas \u00faltimas 72 horas e totaliza 551\">Ler mais<\/a><\/p>\n","protected":false},"author":2,"featured_media":0,"comment_status":"closed","ping_status":"closed","sticky":false,"template":"","format":"standard","meta":{"footnotes":""},"categories":[1],"tags":[],"class_list":["post-41528","post","type-post","status-publish","format-standard","hentry","category-sem-categoria"],"_links":{"self":[{"href":"https:\/\/blogdomarcellopatriota.com.br\/blog\/wp-json\/wp\/v2\/posts\/41528","targetHints":{"allow":["GET"]}}],"collection":[{"href":"https:\/\/blogdomarcellopatriota.com.br\/blog\/wp-json\/wp\/v2\/posts"}],"about":[{"href":"https:\/\/blogdomarcellopatriota.com.br\/blog\/wp-json\/wp\/v2\/types\/post"}],"author":[{"embeddable":true,"href":"https:\/\/blogdomarcellopatriota.com.br\/blog\/wp-json\/wp\/v2\/users\/2"}],"replies":[{"embeddable":true,"href":"https:\/\/blogdomarcellopatriota.com.br\/blog\/wp-json\/wp\/v2\/comments?post=41528"}],"version-history":[{"count":1,"href":"https:\/\/blogdomarcellopatriota.com.br\/blog\/wp-json\/wp\/v2\/posts\/41528\/revisions"}],"predecessor-version":[{"id":41529,"href":"https:\/\/blogdomarcellopatriota.com.br\/blog\/wp-json\/wp\/v2\/posts\/41528\/revisions\/41529"}],"wp:attachment":[{"href":"https:\/\/blogdomarcellopatriota.com.br\/blog\/wp-json\/wp\/v2\/media?parent=41528"}],"wp:term":[{"taxonomy":"category","embeddable":true,"href":"https:\/\/blogdomarcellopatriota.com.br\/blog\/wp-json\/wp\/v2\/categories?post=41528"},{"taxonomy":"post_tag","embeddable":true,"href":"https:\/\/blogdomarcellopatriota.com.br\/blog\/wp-json\/wp\/v2\/tags?post=41528"}],"curies":[{"name":"wp","href":"https:\/\/api.w.org\/{rel}","templated":true}]}}