{"id":41532,"date":"2021-06-15T06:50:46","date_gmt":"2021-06-15T09:50:46","guid":{"rendered":"http:\/\/blogdomarcellopatriota.com.br\/blog\/?p=41532"},"modified":"2021-06-14T22:52:16","modified_gmt":"2021-06-15T01:52:16","slug":"ingazeira-entre-as-melhores-do-pais-no-previne-brasil","status":"publish","type":"post","link":"https:\/\/blogdomarcellopatriota.com.br\/blog\/ingazeira-entre-as-melhores-do-pais-no-previne-brasil\/","title":{"rendered":"Munic\u00edpio de Ingazeira entre as melhores do Pais no Previne Brasil"},"content":{"rendered":"<p><img fetchpriority=\"high\" decoding=\"async\" class=\"aligncenter\" src=\"http:\/\/blogdofinfa.com.br\/wp-content\/uploads\/2021\/06\/a1599f5a-4637-411d-b175-bdd8d3272d02.jpg\" width=\"634\" height=\"210\" \/><\/p>\n<p><strong>Premiado<\/strong>\u00a0\u2013 O Prefeito da Ingazeira, Luciano Torres foi convidado para ir \u00e0 Bras\u00edlia no pr\u00f3ximo dia 24\/06\/2021, receber o certificado do trabalho e fortalecimento e expans\u00e3o da Aten\u00e7\u00e3o B\u00e1sica, estando a cidade de Ingazeira-PE em 1\u00b0 lugar no Brasil no 3\u00b0 quadrimestre de 2020 nos indicadores do Previne Brasil.<br \/>\nDestacando os esfor\u00e7os de uma gest\u00e3o encabe\u00e7ada pela ex Secret\u00e1ria de Sa\u00fade em 2020 Fabiana Torres e hoje secret\u00e1ria de administra\u00e7\u00e3o e por uma equipe de sa\u00fade encorajada, motivada e monitorada pela gest\u00e3o.<\/p>\n<p><img decoding=\"async\" class=\"alignleft\" src=\"http:\/\/blogdofinfa.com.br\/wp-content\/uploads\/2021\/06\/Novo-financiamento-APS-Programa-Previne-Brasil-oficina-10.02.2020-final-pdf-800x450.jpg\" width=\"322\" height=\"181\" \/><\/p>\n<p>Seguindo com avan\u00e7o, e compromisso, a nova gest\u00e3o busca d\u00e1 continuidade aos servi\u00e7os liderados pela Secret\u00e1ria Municipal de Sa\u00fade, Maria Jos\u00e9, a Aten\u00e7\u00e3o B\u00e1sica de Ingazeira se destaca no 1\u00b0 quadrimestre de 2021, estando em 1\u00b0 lugar no Estado de Pernambuco e em 8\u00b0 lugar a n\u00edvel Nacional, no Previne Brasil.<\/p>\n<p>Dessa forma, a sa\u00fade de Ingazeira continua com o compromisso firmado em sua pactua\u00e7\u00e3o seja com o Estado ou o Governo Federal.<\/p>\n","protected":false},"excerpt":{"rendered":"<p>Premiado&nbsp;&ndash; O Prefeito da Ingazeira, Luciano Torres foi convidado para ir &agrave; Bras&iacute;lia no pr&oacute;ximo dia 24\/06\/2021, receber o certificado do trabalho e fortalecimento e expans&atilde;o da Aten&ccedil;&atilde;o B&aacute;sica, estando a cidade de Ingazeira-PE em 1&deg; lugar no Brasil no 3&deg; quadrimestre de 2020 nos indicadores do Previne Brasil. Destacando os esfor&ccedil;os de uma gest&atilde;o &#8230; <a title=\"Munic\u00edpio de Ingazeira entre as melhores do Pais no Previne Brasil\" class=\"read-more\" href=\"https:\/\/blogdomarcellopatriota.com.br\/blog\/ingazeira-entre-as-melhores-do-pais-no-previne-brasil\/\" aria-label=\"Read more about Munic\u00edpio de Ingazeira entre as melhores do Pais no Previne Brasil\">Ler mais<\/a><\/p>\n","protected":false},"author":2,"featured_media":0,"comment_status":"closed","ping_status":"closed","sticky":false,"template":"","format":"standard","meta":{"footnotes":""},"categories":[1],"tags":[],"class_list":["post-41532","post","type-post","status-publish","format-standard","hentry","category-sem-categoria"],"_links":{"self":[{"href":"https:\/\/blogdomarcellopatriota.com.br\/blog\/wp-json\/wp\/v2\/posts\/41532","targetHints":{"allow":["GET"]}}],"collection":[{"href":"https:\/\/blogdomarcellopatriota.com.br\/blog\/wp-json\/wp\/v2\/posts"}],"about":[{"href":"https:\/\/blogdomarcellopatriota.com.br\/blog\/wp-json\/wp\/v2\/types\/post"}],"author":[{"embeddable":true,"href":"https:\/\/blogdomarcellopatriota.com.br\/blog\/wp-json\/wp\/v2\/users\/2"}],"replies":[{"embeddable":true,"href":"https:\/\/blogdomarcellopatriota.com.br\/blog\/wp-json\/wp\/v2\/comments?post=41532"}],"version-history":[{"count":2,"href":"https:\/\/blogdomarcellopatriota.com.br\/blog\/wp-json\/wp\/v2\/posts\/41532\/revisions"}],"predecessor-version":[{"id":41534,"href":"https:\/\/blogdomarcellopatriota.com.br\/blog\/wp-json\/wp\/v2\/posts\/41532\/revisions\/41534"}],"wp:attachment":[{"href":"https:\/\/blogdomarcellopatriota.com.br\/blog\/wp-json\/wp\/v2\/media?parent=41532"}],"wp:term":[{"taxonomy":"category","embeddable":true,"href":"https:\/\/blogdomarcellopatriota.com.br\/blog\/wp-json\/wp\/v2\/categories?post=41532"},{"taxonomy":"post_tag","embeddable":true,"href":"https:\/\/blogdomarcellopatriota.com.br\/blog\/wp-json\/wp\/v2\/tags?post=41532"}],"curies":[{"name":"wp","href":"https:\/\/api.w.org\/{rel}","templated":true}]}}