{"id":41541,"date":"2021-06-15T00:09:49","date_gmt":"2021-06-15T03:09:49","guid":{"rendered":"http:\/\/blogdomarcellopatriota.com.br\/blog\/?p=41541"},"modified":"2021-06-15T08:14:13","modified_gmt":"2021-06-15T11:14:13","slug":"giro-pelos-blogs-terca-feira-15-06-2021","status":"publish","type":"post","link":"https:\/\/blogdomarcellopatriota.com.br\/blog\/giro-pelos-blogs-terca-feira-15-06-2021\/","title":{"rendered":"~~Giro pelos Blog&#8217;S (Ter\u00e7a feira 15\/06\/2021)~~"},"content":{"rendered":"<p><span style=\"font-size: 36pt;\">Blog do FinFa<\/span><\/p>\n<p><strong><img fetchpriority=\"high\" decoding=\"async\" class=\"aligncenter size-large wp-image-184165\" src=\"http:\/\/blogdofinfa.com.br\/wp-content\/uploads\/2021\/06\/13015697_794635333974847_5437166969653261788_n-1-800x450.jpg\" sizes=\"(max-width: 600px) 100vw, 600px\" srcset=\"https:\/\/blogdofinfa.com.br\/wp-content\/uploads\/2021\/06\/13015697_794635333974847_5437166969653261788_n-1-800x450.jpg 800w, https:\/\/blogdofinfa.com.br\/wp-content\/uploads\/2021\/06\/13015697_794635333974847_5437166969653261788_n-1-300x169.jpg 300w, https:\/\/blogdofinfa.com.br\/wp-content\/uploads\/2021\/06\/13015697_794635333974847_5437166969653261788_n-1-768x432.jpg 768w, https:\/\/blogdofinfa.com.br\/wp-content\/uploads\/2021\/06\/13015697_794635333974847_5437166969653261788_n-1.jpg 960w\" alt=\"\" width=\"600\" height=\"338\" \/>Parab\u00e9ns amigo<\/strong>\u00a0\u2013 Afogados da Ingazeria no pr\u00f3ximo dia 1\u00ba de Julho, completa 112 anos de emancipa\u00e7\u00e3o pol\u00edticano.<\/p>\n<p>Durante todos este tempo, Afogados ja despontou com pol\u00edticos que muito fizeram por esta terra. Agora com todo respeito a todos, no meu intender, ningu\u00e9m tem um curriculum igual ao ex-vereador, ex-prefeito e ex-deputado Ant\u00f4nio Mariano de Brito.<\/p>\n<p>Neste 15 de Junho de 2021,<strong>\u00a0O TROV\u00c3O DO PAJE\u00da,<\/strong>\u00a0como era chamado pelo seus amigos e correligion\u00e1rios, completaria 73 anos, mas no dia 20 de Agosto de 2018, Deus o chamou para ficar ao seu lado.<\/p>\n<p>Ant\u00f4nio Mariano, construiu uma admir\u00e1vel hist\u00f3ria pol\u00edtica. Como deputado estadual por quatro mandatos foi L\u00edder do Governo Joaquim Francisco, Foi primeiro Secret\u00e1rio, entre outros cargos que ocupou na Alepe.<\/p>\n<p>Com um temperamento agregador, conciliador, O TROV\u00c3O, tinha dentre de v\u00e1rias virtudes a de ser taxado de \u2018Pai dos Pobres\u2019.<\/p>\n<p>Jamais poderia me furtar de prestar esta pequena homenagem ao homem \u00edntegro, bondoso, sem alardes com seus cargos durante toda sua vida p\u00fablica, O \u2018Deputado do Pov\u00e3o\u2019 nos deixou, mais sua trajet\u00f3ria dever\u00e1 demorar muito a ser esquecida, pelos afogadenses e por n\u00e3o dizer pelos pernambucanos.<\/p>\n<p><strong>A primeira e a \u00faltima<\/strong>\u00a0<strong>no Paje\u00fa<\/strong>\u00a0\u2013 Segundo levantamento da Rede Globo, divulgado na noite noite de ontem (14), no NE 2\u00aa Edi\u00e7\u00e3o, onde mostra o percentual de vacinados por munic\u00edpio de Pernambuco. A cidade de<strong>\u00a0Flores,<\/strong>\u00a0foi a 1\u00aa no Sert\u00e3o do Paje\u00fa e a 5\u00aa no Estado de Pernambuco, com uma popula\u00e7\u00e3o de 22.618, foram vacinados com a 1\u00aa dose8.368, 37% da popula\u00e7\u00e3o vacinada com 1\u00aa dose. J\u00e1 a \u00faltima, pelo da levantamento da Rede Globo, a cidade de\u00a0<strong>Tuparetama<\/strong>, \u00e9 a \u00faltima dos munic\u00edpio do Sert\u00e3o do Paje\u00fa, ficando na 135\u00aa no Estado, com a popula\u00e7\u00e3o de 8.256, 391 vacinados da 1\u00aa dose e 4,74% da popula\u00e7\u00e3o vacinado com a 1\u00aa dose.<img decoding=\"async\" class=\"aligncenter size-full wp-image-184167\" src=\"http:\/\/blogdofinfa.com.br\/wp-content\/uploads\/2021\/06\/adelmo-4.png\" sizes=\"(max-width: 504px) 100vw, 504px\" srcset=\"https:\/\/blogdofinfa.com.br\/wp-content\/uploads\/2021\/06\/adelmo-4.png 504w, https:\/\/blogdofinfa.com.br\/wp-content\/uploads\/2021\/06\/adelmo-4-300x201.png 300w, https:\/\/blogdofinfa.com.br\/wp-content\/uploads\/2021\/06\/adelmo-4-75x50.png 75w\" alt=\"\" width=\"504\" height=\"338\" \/><\/p>\n<p><strong>Acompanhando<\/strong>\u00a0\u2013 O prefeito de Itapetim-PE, Adelmo Moura, esteve acompanhando as obras de reforma do espa\u00e7o onde ser\u00e1 implantado a Ag\u00eancia de Empreendedorismo de Itapetim, al\u00e9m das novas instala\u00e7\u00f5es da Diretoria de Esportes e Juventude, no pr\u00e9dio onde funcionava a Casa da 3\u00aa Idade, na Rua Juvino de Sousa Lima. O investimento \u00e9 todo com recursos pr\u00f3prios do munic\u00edpio.\u00a0<em>\u201cNo local ser\u00e3o ofertados diversos servi\u00e7os atrav\u00e9s da Ag\u00eancia do Trabalho (SINE), Junta Comercial de Pernambuco, AGE e Expresso Empreendedor, como por exemplo: abertura e fechamento de empresas, assessoria cont\u00e1bil e tribut\u00e1ria, habilita\u00e7\u00e3o de seguro desemprego, declara\u00e7\u00e3o de imposto de renda, emiss\u00e3o de certid\u00f5es e impostos, oferta de cr\u00e9dito popular, financiamento e capital de giro, al\u00e9m de uma gama de v\u00e1rios servi\u00e7os que v\u00e3o atender o empreendedor local sem gerar custos\u201d,<\/em>\u00a0pontuou o prefeito Adelmo.<\/p>\n<p><strong><img decoding=\"async\" class=\"alignleft wp-image-184171\" src=\"http:\/\/blogdofinfa.com.br\/wp-content\/uploads\/2021\/06\/marcia-300x200.jpeg\" sizes=\"(max-width: 300px) 100vw, 300px\" srcset=\"https:\/\/blogdofinfa.com.br\/wp-content\/uploads\/2021\/06\/marcia-300x200.jpeg 300w, https:\/\/blogdofinfa.com.br\/wp-content\/uploads\/2021\/06\/marcia-75x50.jpeg 75w, https:\/\/blogdofinfa.com.br\/wp-content\/uploads\/2021\/06\/marcia.jpeg 400w\" alt=\"\" width=\"246\" height=\"164\" \/>Anunciou<\/strong>\u00a0\u2013<\/p>\n<p>A prefeita de Serra Talhada, M\u00e1rcia Conrado, anunciou ontem (14) o Programa Professor Conectado, que foi apresentado \u00e0 C\u00e2mara de Vereadores como Projeto de Lei para vota\u00e7\u00e3o. O programa consiste em fornecer uma ajuda de custo aos docentes no valor de R$ 70,00 (setenta reais), enquanto perdurar a suspens\u00e3o das aulas presenciais na Rede Municipal de Ensino, em raz\u00e3o da pandemia da Covid-19. A ajuda de custo \u00e9 destinada ao aux\u00edlio no pagamento do consumo de internet dos professores durante a execu\u00e7\u00e3o das atividades remotas ou h\u00edbridas, sejam elas realizadas atrav\u00e9s de plataforma educacional e\/ou aplicativo.<img loading=\"lazy\" decoding=\"async\" class=\"aligncenter wp-image-184166\" src=\"http:\/\/blogdofinfa.com.br\/wp-content\/uploads\/2021\/06\/195482645_541157193910307_4354391867382718282_n-800x533.jpg\" sizes=\"(max-width: 600px) 100vw, 600px\" srcset=\"https:\/\/blogdofinfa.com.br\/wp-content\/uploads\/2021\/06\/195482645_541157193910307_4354391867382718282_n-800x533.jpg 800w, https:\/\/blogdofinfa.com.br\/wp-content\/uploads\/2021\/06\/195482645_541157193910307_4354391867382718282_n-300x200.jpg 300w, https:\/\/blogdofinfa.com.br\/wp-content\/uploads\/2021\/06\/195482645_541157193910307_4354391867382718282_n-768x512.jpg 768w, https:\/\/blogdofinfa.com.br\/wp-content\/uploads\/2021\/06\/195482645_541157193910307_4354391867382718282_n-1536x1024.jpg 1536w, https:\/\/blogdofinfa.com.br\/wp-content\/uploads\/2021\/06\/195482645_541157193910307_4354391867382718282_n-75x50.jpg 75w, https:\/\/blogdofinfa.com.br\/wp-content\/uploads\/2021\/06\/195482645_541157193910307_4354391867382718282_n.jpg 1920w\" alt=\"\" width=\"500\" height=\"333\" \/><\/p>\n<p><strong>Vistoriando<\/strong>\u00a0\u2013 O prefeito da cidade de Quixaba-PE, Z\u00e9 Pretinho, esteve ontem (14) acompanhando os servi\u00e7os de recupera\u00e7\u00e3o das estradas vicinais, realizado pela Secretaria Municipal de Infraestrutura. \u201cO objetivo da nossa gest\u00e3o \u00e9 melhorar as condi\u00e7\u00f5es de trafegabilidade, facilitando o escoamento da produ\u00e7\u00e3o, al\u00e9m da locomo\u00e7\u00e3o dos moradores da \u00e1rea rural\u201d, disse o prefeito.<\/p>\n<p><strong><img loading=\"lazy\" decoding=\"async\" class=\"alignleft size-medium wp-image-184170\" src=\"http:\/\/blogdofinfa.com.br\/wp-content\/uploads\/2021\/06\/floresta-2-300x232.png\" sizes=\"(max-width: 300px) 100vw, 300px\" srcset=\"https:\/\/blogdofinfa.com.br\/wp-content\/uploads\/2021\/06\/floresta-2-300x232.png 300w, https:\/\/blogdofinfa.com.br\/wp-content\/uploads\/2021\/06\/floresta-2.png 522w\" alt=\"\" width=\"300\" height=\"232\" \/>Emiss\u00e3o RG<\/strong>\u00a0\u2013 A Prefeitura de Floresta-PE, est\u00e1 realizando emiss\u00e3o de RG, no Ponto Cidad\u00e3o, localizado na Rua 15 de Novembro, ao lado do Mercado P\u00fablico, acontece de segunda \u00e0 sexta-feira, das 8h \u00e0s 14h, com agendamento pr\u00e9vio. Todos os dias dez pessoas ser\u00e3o atendidas. \u201cFa\u00e7a seu agendamento pr\u00e9vio de forma presencial ou pelo n\u00famero (87) 3877-1019. Evite aglomera\u00e7\u00f5es! Vamos atender todos os florestanos, mas precisamos de cautela neste momento que estamos passando com a pandemia e, respeitando tamb\u00e9m, o Decreto imposto pelo Governo do Estado\u201d, disse a prefeita Rorr\u00f3 Mani\u00e7oba.<\/p>\n<p><strong>Frase<\/strong>\u00a0\u2013\u00a0<em>\u201cO desafio agora \u00e9 abra\u00e7ar a oportunidade, por meio do trabalho, buscando manter os padr\u00f5es de qualidade que j\u00e1 existem na secretaria e aprimorar o que for poss\u00edvel, sobretudo essa quest\u00e3o da correla\u00e7\u00e3o entre o controle interno e o externo, que \u00e9 a minha \u00e1rea de origem\u201d.<\/em>\u00a0<strong>(Marconi Muzzio, novo secret\u00e1rio da Controladoria-Geral do Estado de Pernambuco-SCGE)<\/strong><\/p>\n<p><strong>Perguntar n\u00e3o ofende<\/strong>\u00a0\u2013 <em>Quando as autoridades de Afogados da Ingazeira, ir\u00e3o resolver o problema das aglomera\u00e7\u00f5es nas ag\u00eancias banc\u00e1rias?<\/em><\/p>\n<p>Mesmo com a nacional dos tucanos incentivando para garantir o palanque para o presidenci\u00e1vel da sigla, a prefeita de Caruaru, Raquel Lyra vem admitindo nos bastidores a possibilidade de permanecer at\u00e9 o final do mandato.<\/p>\n<p>Ap\u00f3s quebrar a hegemonia de Tony Gel \u00e9 Z\u00e9 Queiroz, Raquel quer entrar pra hist\u00f3ria como a prefeita que ficou at\u00e9 o \u00faltimo dia do mandato. Al\u00e9m do que, a rela\u00e7\u00e3o com o vice n\u00e3o \u00e9 t\u00e3o extraordin\u00e1ria como Miguel e Anderson pregam. \u00c0s v\u00e9speras da conven\u00e7\u00e3o em 20, ela teria guardado o posto para Toninho Gel. Mostrando que n\u00e3o \u00e9 o vice dos sonhos.<\/p>\n<p>Por fim, fica cada vez mais certo que a oposi\u00e7\u00e3o ter\u00e1 que optar entre Miguel Coelho e Anderson Ferreira mesmo Raquel tendo a melhor narrativa.<\/p>\n<p><strong>P\u00c9SSIMA COMUNICA\u00c7\u00c3O<\/strong>\u2013\u00a0\u00a0A gest\u00e3o de Raquel pode ser at\u00e9 boa em Caruaru, mas um dos seus pontos fraco \u00e9 a comunica\u00e7\u00e3o, ou melhor, a falta dela. A tucana n\u00e3o consegue emplacar nada que faz na gest\u00e3o. Isso dar a sensa\u00e7\u00e3o de mandato esvaziado, o que n\u00e3o \u00e9 na pr\u00e1tica.<\/p>\n<p><strong>EM RECIFE<\/strong>\u00a0\u2013 Dias depois de ter anunciado a desfilia\u00e7\u00e3o do PSOL e o ingresso no PSB, Marcelo Freixo venho ao Recife. Ele foi recebido pelo prefeito Jo\u00e3o Campos \u00e9 o ex-prefeito Geraldo J\u00falio. A vinda do deputado refor\u00e7a a tese da for\u00e7a que os socialistas pernambucanos exercem na sigla em n\u00edvel nacional.<\/p>\n<p><strong>NOVO SECRET\u00c1RIO<\/strong>\u00a0\u2013 Paulo C\u00e2mara empossou o novo secret\u00e1rio da Controladoria-Geral do Estado (SCGE), Marconi Muzzio. Ele assume a pasta em substitui\u00e7\u00e3o a Erika Lacet, que segue como servidora de carreira da Procuradoria-Geral do Estado (PGE). Marconi tem uma rela\u00e7\u00e3o pessoal-familiar muito pr\u00f3xima com Carpina. Ele \u00e9 um servidor de carreira do TCE com larga experi\u00eancia na administra\u00e7\u00e3o p\u00fablica.<\/p>\n<p><strong>R\u00c1PIDAS<\/strong><\/p>\n<p><strong>NA TORCIDA<\/strong>\u00a0\u2013 O deputado federal Pastor Eurico est\u00e1 na contagem regressiva para Bolsonaro se filiar no Patriota. A sigla dar\u00e1 um salto no Estado. O pastor precisa montar uma chapa competitiva se sonha em se reeleger na C\u00e2mara dos Deputados.<\/p>\n<p><strong>SEM CPI<\/strong>\u00a0\u2013 Tr\u00eas vereadores da oposi\u00e7\u00e3o em Timba\u00faba estavam querendo abrir uma CPI para investigar a\u00e7\u00f5es do Covid. N\u00e3o conseguiram assinaturas suficientes para levar em vota\u00e7\u00e3o.<\/p>\n<p><strong>PINGA-FOGO: <\/strong><em>O PSB ter\u00e1 candidatura pr\u00f3pria para presidente da Rep\u00fablica?<\/em><\/p>\n<header class=\"entry-header\">\n<h2 class=\"entry-title\"><span style=\"font-size: 24pt;\">Coluna da Folha \/ Edmar lyra<\/span><\/h2>\n<\/header>\n<div class=\"entry-content\">\n<p><strong><img loading=\"lazy\" decoding=\"async\" class=\"wp-image-84023 lazyloaded alignleft\" src=\"https:\/\/www.edmarlyra.com\/wp-content\/uploads\/2021\/06\/7C64AF0A-3F4C-4EE4-9C12-B6218E55E51B.jpeg\" sizes=\"(max-width: 1280px) 100vw, 1280px\" srcset=\"https:\/\/www.edmarlyra.com\/wp-content\/uploads\/2021\/06\/7C64AF0A-3F4C-4EE4-9C12-B6218E55E51B.jpeg 1280w, https:\/\/www.edmarlyra.com\/wp-content\/uploads\/2021\/06\/7C64AF0A-3F4C-4EE4-9C12-B6218E55E51B-300x200.jpeg 300w, https:\/\/www.edmarlyra.com\/wp-content\/uploads\/2021\/06\/7C64AF0A-3F4C-4EE4-9C12-B6218E55E51B-1024x682.jpeg 1024w, https:\/\/www.edmarlyra.com\/wp-content\/uploads\/2021\/06\/7C64AF0A-3F4C-4EE4-9C12-B6218E55E51B-768x512.jpeg 768w\" alt=\"\" width=\"341\" height=\"227\" data-ll-status=\"loaded\" \/>Petrolina vira refer\u00eancia da oposi\u00e7\u00e3o para 2022\u00a0<\/strong><\/p>\n<p>O prefeito Miguel Coelho, pr\u00e9-candidato a governador de Pernambuco, deu nova demonstra\u00e7\u00e3o de for\u00e7a e prest\u00edgio pol\u00edtico com a visita do ministro da Infraestrutura, Tarc\u00edsio Gomes de Freitas, para a inaugura\u00e7\u00e3o de um viaduto na Avenida Sete de Setembro, que custou R$ 25 milh\u00f5es aos cofres p\u00fablicos.<\/p>\n<p>Esta foi mais uma obra de impacto que contou com o apoio do governo federal em Petrolina. O ministro prometeu voltar no final do ano para inaugurar a duplica\u00e7\u00e3o da BR-428 que visa ampliar a log\u00edstica da cidade, que recentemente teve a concess\u00e3o de seu aeroporto autorizada para a iniciativa privada.<\/p>\n<p>Miguel transformou a cidade de Petrolina num verdadeiro canteiro de obras, fruto da articula\u00e7\u00e3o do senador Fernando Bezerra Coelho junto ao governo federal. \u00c9 neste contexto que o emedebista aposta para alavancar seu projeto, como uma jovem lideran\u00e7a que aponta para um futuro de desenvolvimento para Pernambuco.<\/p>\n<p>Quando fala de seu projeto, Miguel promete transformar Pernambuco em diversas Petrolinas, no sentido de melhorar os indicadores sociais, econ\u00f4micos e educacionais como aconteceu na sua gest\u00e3o \u00e0 frente do munic\u00edpio mais promissor de Pernambuco. \u00c9 a partir disso que o prefeito espera dar \u00a0capilaridade ao seu projeto e que ele possa ser refer\u00eancia para a oposi\u00e7\u00e3o escolh\u00ea-lo como o nome do grupo em 2022.<\/p>\n<p><strong>Suplementares<\/strong>\u00a0\u2013 Os eleitores de cinco munic\u00edpios brasileiros voltaram \u00e0s urnas neste domingo para eleger novos prefeitos em elei\u00e7\u00f5es suplementares. As elei\u00e7\u00f5es foram necess\u00e1rias para substituir escolhidos nas \u00faltimas elei\u00e7\u00f5es municipais, em 2020, que tiveram seus mandatos cassados por determina\u00e7\u00e3o da Justi\u00e7a Eleitoral. Nenhuma das elei\u00e7\u00f5es foi em Pernambuco. Todavia, alguns munic\u00edpios em Pernambuco poder\u00e3o ter elei\u00e7\u00f5es suplementares ainda em 2021, segundo especialistas em Direito Eleitoral. O Tribunal Superior Eleitoral (TSE) est\u00e1 come\u00e7ando a julgar os casos de Pernambuco.<\/p>\n<p><strong>Prepara\u00e7\u00e3o<\/strong>\u00a0\u2013 O deputado federal Silvio Costa Filho e o deputado estadual Jo\u00e3o Paulo Costa estiveram com o ex-prefeito de Belo Jardim, H\u00e9lio dos Terrenos. Conversaram sobre a pol\u00edtica do munic\u00edpio e o sentimento \u00e9 que H\u00e9lio vem se fortalecendo para o pr\u00f3ximo pleito eleitoral.<\/p>\n<p><strong>Parceria<\/strong>\u00a0\u2013 O secret\u00e1rio de Desenvolvimento Urbano e Habita\u00e7\u00e3o de Pernambuco, Tom\u00e9 Franca, recebeu uma importante visita nesta segunda-feira (14): Tiago Pontes, Secret\u00e1rio Nacional de Mobilidade e Desenvolvimento Regional e Urbano do Governo Federal. Na pauta da reuni\u00e3o, o fortalecimento de parcerias e o destrave de conv\u00eanios para a chegada de novos investimentos no estado.<\/p>\n<p><strong>No pique<\/strong>\u00a0\u2013 Tom\u00e9 Franca ainda n\u00e3o completou um m\u00eas como secret\u00e1rio e j\u00e1 imprimiu um ritmo intenso de trabalho. Esteve reunido com os presidentes de \u00f3rg\u00e3os vinculados \u00e0 pasta que comanda, visitou obras no Recife, Camaragibe, Olinda e Igarassu, esteve com a vice-governadora Luciana Santos e participa quase diariamente de reuni\u00f5es virtuais para monitoramento.<\/p>\n<p><strong>Ritmo<\/strong>\u00a0\u2013 O vereador Felipe Francismar, presidente da Comiss\u00e3o de Legisla\u00e7\u00e3o e Justi\u00e7a da C\u00e2mara do Recife, j\u00e1 se movimenta na articula\u00e7\u00e3o da reelei\u00e7\u00e3o do deputado estadual Francismar Pontes, que tentar\u00e1 seu quarto mandato na Casa Joaquim Nabuco em 2022.<\/p>\n<p><strong>Inocente quer saber<\/strong>\u00a0\u2013 <em>Miguel conseguir\u00e1 convencer os outros dois prefeitos da oposi\u00e7\u00e3o a apoiarem seu projeto?<\/em><\/p>\n<\/div>\n<p><span style=\"font-size: 36pt;\">Blog do Magno<\/span><\/p>\n<p><strong>PE nas vacinas<\/strong><\/p>\n<p>N\u00e3o precisa recorrer a nenhum instituto de pesquisa: a popula\u00e7\u00e3o quer vacina j\u00e1. A prioridade absoluta \u00e9 vencer o drag\u00e3o da morte, a covid-19. Os Estados Unidos j\u00e1 alcan\u00e7aram 100% na imuniza\u00e7\u00e3o dos americanos. O Brasil aplicou a primeira dose em 55.457.496 pessoas at\u00e9 \u00e0s 21h de domingo passado. Dessas, 23.847.77 receberam a segunda dose. Ao todo, 79.305.267 doses foram administradas no Pa\u00eds.<\/p>\n<p>O dado \u00e9 da plataforma coronavirusbra1, que compila dados das secretarias estaduais de Sa\u00fade. O n\u00famero de vacinados com ao menos uma dose equivale a 26% da popula\u00e7\u00e3o, conforme a proje\u00e7\u00e3o de habitantes para 2021 feita pelo IBGE (Instituto Brasileiro de Geografia e Estat\u00edstica). Os que receberam as duas doses s\u00e3o 11,2%.<\/p>\n<p>Dos que tomaram a 1\u00aa dose, 43% j\u00e1 receberam tamb\u00e9m a 2\u00aa e est\u00e3o imunizados. As vacinas que est\u00e3o sendo aplicadas no Brasil s\u00e3o a CoronaVac, Oxford\/AstraZeneca e a da Pfizer. Todas requerem duas doses. A unidade federativa com a vacina\u00e7\u00e3o mais avan\u00e7ada \u00e9 o Mato Grosso do Sul, com aplica\u00e7\u00e3o da 1\u00aa dose em 35,5% da popula\u00e7\u00e3o. J\u00e1 o Amap\u00e1 \u00e9 o Estado com o ritmo mais lento de imuniza\u00e7\u00e3o \u201316,7% da popula\u00e7\u00e3o recebeu a 1\u00aa dose.<\/p>\n<p>Um estudo da Universidade de S\u00e3o Paulo e da Universidade Estadual Paulista mostra que se o Brasil ampliasse para dois milh\u00f5es de doses de vacinas aplicadas por dia, 20 mil vidas seriam salvas todo m\u00eas. O estudo aponta que 60 mil mortes poderiam ter sido evitadas nos \u00faltimos tr\u00eas meses caso o ritmo de vacina\u00e7\u00e3o fosse mais acelerado.<\/p>\n<p>O ritmo de vacina\u00e7\u00e3o contra a Covid-19 deve ficar mais acelerado depois do an\u00fancio do Governo do Estado de S\u00e3o Paulo que antecipou em 30 dias o calend\u00e1rio de vacina\u00e7\u00e3o. O plano \u00e9 aplicar a primeira dose em toda a popula\u00e7\u00e3o adulta at\u00e9 15 de setembro. A previs\u00e3o \u00e9 vacinar 7,5 milh\u00f5es de pessoas. Pelo menos nove estados anteciparam as datas de vacina\u00e7\u00e3o contra a Covid-19.<\/p>\n<p>Al\u00e9m de S\u00e3o Paulo, Par\u00e1, Rio Grande do Sul e em Goi\u00e1s, a vacina\u00e7\u00e3o das pessoas acima dos 18 anos com a primeira dose deve ser conclu\u00edda em setembro. Em se tratando de Estados, n\u00e3o d\u00e1 para entender porque Pernambuco n\u00e3o acompanha o ritmo de outras unidades da Federa\u00e7\u00e3o. Vi, por exemplo, o Mato Grosso do Sul completou 50,3% da popula\u00e7\u00e3o vacinada, 46,3% com a primeira e 14,0% com a segunda dose. A m\u00e9dia nacional \u00e9 37,7%. Enquanto isso, Pernambuco s\u00f3 vacinou, at\u00e9 agora, 35,2% &#8211; 24,8% com a primeira e 10,4% com a segunda dose.<\/p>\n<p><strong>Cear\u00e1 na frente \u2013<\/strong>\u00a0No Cear\u00e1, a previs\u00e3o \u00e9 vacinar todos os adultos at\u00e9 31 de agosto. No Rio de Janeiro, Esp\u00edrito Santo, Alagoas e Santa Catarina &#8211; at\u00e9 o fim de outubro. Para os especialistas, a maneira mais r\u00e1pida de superar a crise sanit\u00e1ria do coronav\u00edrus \u00e9 com a vacina\u00e7\u00e3o em massa e seguindo os protocolos. Segundo Jos\u00e9 C\u00e1ssio de Moraes, especialista em imuniza\u00e7\u00e3o e membro do Observat\u00f3rio Covid-19, o sucesso da vacina\u00e7\u00e3o depende de dois fatores. &#8220;Que as entregas de vacina\u00e7\u00e3o sejam feitas com regularidade, n\u00e3o haja falha, e o segundo ponto, que \u00e9 um ponto que depende da popula\u00e7\u00e3o, que \u00e9 tomar a segunda dose da vacina&#8221;, explica.<\/p>\n<p><strong><img loading=\"lazy\" decoding=\"async\" class=\"alignleft\" src=\"https:\/\/f.i.uol.com.br\/fotografia\/2021\/03\/24\/1616628175605bc9cf1228b_1616628175_3x2_md.jpg\" alt=\"\" width=\"353\" height=\"235\" \/>Boa not\u00edcia \u2013\u00a0<\/strong>Seis cidades de Pernambuco v\u00e3o receber 118,6 mil doses da vacina contra a Covid-19 produzida pela empresa Janssen. O imunizante, de dose \u00fanica, vai ser destinado \u00e0s localidades com maior incid\u00eancia da doen\u00e7a, que j\u00e1 matou mais de 16 mil pessoas desde mar\u00e7o de 2020. As vacinas ser\u00e3o disponibilizadas ao Recife, que receber\u00e1 metade das doses, e a Caruaru e Garanhuns, no Agreste; e a Arcoverde, Serra Talhada e Afogados da Ingazeira, no Sert\u00e3o. A capital vai usar as doses para vacinar 6,5% do p\u00fablico entre 18 e 59 anos; e as outras cidades, 18,6% das suas popula\u00e7\u00f5es na faixa et\u00e1ria determinada.<\/p>\n<p><strong>Menos imperfeito \u2013<\/strong>\u00a0Em entrevista ao Frente a Frente, no especial de ontem dedicado a Marco Maciel, o ex-ministro Gustavo Krause afirmou que ningu\u00e9m fez mais por Pernambuco e o Brasil como o ex-senador pernambucano. \u201cDisse em vida o que ele representou para mim: o ser humano menos imperfeito com quem convivi cinco d\u00e9cadas. Como afirmou o jornalista Anchieta H\u00e9lcias, tamb\u00e9m testemunho da dedica\u00e7\u00e3o de MM \u00e0 vida p\u00fablica, \u201cfoi para a morada de Deus o seu grande amigo\u201d. O programa teve depoimentos tamb\u00e9m de Roberto Magalh\u00e3es, Joaquim Francisco, Joel de Holanda, Jos\u00e9 Jorge, Silvio Amorim, \u00c2ngelo Castelo Branco, Samir Abou Hana e Vandenbergue Machado, ex-chefe de gabinete.<\/p>\n<p><strong>Saiu batendo \u2013<\/strong>\u00a0Ex-l\u00edder do governo e atual opositora do presidente Jair Bolsonaro, a deputada Joice Hasselmann (SP) decidiu romper tamb\u00e9m com seu partido, o PSL. A parlamentar, que foi a candidata \u00e0 C\u00e2mara mais votada do Pa\u00eds em 2018, diz que o presidente da sigla, deputado Luciano Bivar (PE), entregou novamente a legenda para Bolsonaro &#8220;em troca de um cargo na Mesa Diretora da C\u00e2mara&#8221;. &#8220;Para mim, o nome disso \u00e9 prostitui\u00e7\u00e3o&#8221;, disse Joice em entrevista exclusiva ao Estad\u00e3o. Bivar foi al\u00e7ado ao posto de 1.\u00ba secret\u00e1rio da C\u00e2mara ao apoiar a elei\u00e7\u00e3o de Arthur Lira (Progressistas-AL), nome do Pal\u00e1cio do Planalto ao comando da Casa. &#8220;Eu n\u00e3o posso estar em um partido amorfo que virou um balc\u00e3o de neg\u00f3cios&#8221;, afirmou a parlamentar, que disputou a elei\u00e7\u00e3o para a Prefeitura de S\u00e3o Paulo em 2020 representando o partido.<\/p>\n<p><strong><img decoding=\"async\" src=\"https:\/\/www.blogdomagno.com.br\/admin\/ckeditor\/ckfinder\/images\/5f50e550ec.jpeg\" alt=\"\" \/>Viaduto Marco Maciel \u2013<\/strong>\u00a0Dois dias ap\u00f3s o seu sepultamento, o ex-senador Marco Maciel recebeu, ontem, a primeira grande homenagem p\u00f3s morte: o novo e moderno viaduto de Petrolina, capital do Vale do S\u00e3o Francisco, inaugurado pelo prefeito Miguel Coelho (MDB), ter\u00e1 o nome do ex-presidente da Rep\u00fablica, segundo proposta do deputado Fernando Filho (DEM), a ser apresentado \u00e0 C\u00e2mara dos Deputados, em Bras\u00edlia. Maciel, com certeza, deve ser um dos homens p\u00fablicos que contar\u00e1 com o maior volume de homenagens em logradouros p\u00fablicos.<\/p>\n<p><strong>CURTAS<\/strong><\/p>\n<p><strong>NO MARANH\u00c3O \u2013<\/strong>\u00a0A vacina\u00e7\u00e3o contra covid-19 para jovens sem comorbidades com menos de 30 anos j\u00e1 \u00e9 uma realidade no Maranh\u00e3o. A Prefeitura de S\u00e3o Lu\u00eds anunciou o cadastro para pessoas a partir de 25 anos para serem vacinadas nesta semana. Al\u00e9m disso, o Governo do Maranh\u00e3o iniciou, sexta-feira passada, a imuniza\u00e7\u00e3o de pessoas com 29 anos em quatro munic\u00edpios: S\u00e3o Lu\u00eds, S\u00e3o Jos\u00e9 de Ribamar, Pa\u00e7o do Lumiar e Raposa.<\/p>\n<p><strong>CURVA CRESCENTE \u2013<\/strong>\u00a0Pernambuco confirmou, ontem, mais 1.117 casos e 32 \u00f3bitos de pessoas com a Covid-19. De acordo com a Secretaria Estadual de Sa\u00fade, com os novos registros o Estado passou a totalizar 520.694 confirma\u00e7\u00f5es da doen\u00e7a e 16.860 mortes. Os n\u00fameros come\u00e7aram a ser registrados em mar\u00e7o de 2020.<\/p>\n<p><strong>Perguntar n\u00e3o ofende:<\/strong><em> Ser\u00e1 que chegaremos em dezembro com todos os brasileiros vacinados?<\/em><\/p>\n<header class=\"entry-header\">\n<h2 class=\"entry-title\">COLUNA DO ITAMAR FRAN\u00c7A<\/h2>\n<\/header>\n<div class=\"entry-content clearfix\">\n<p><b><a href=\"https:\/\/1.bp.blogspot.com\/-lwiyFMrFSq8\/YMdcOm_BRmI\/AAAAAAAAHv4\/vfs-4cJM0-QqJzdG0MEC3xKkBFWYcpf2gCLcBGAsYHQ\/s442\/200060359_347362220097745_910590220922711061_n.jpg\"><img loading=\"lazy\" decoding=\"async\" class=\"aligncenter\" src=\"https:\/\/1.bp.blogspot.com\/-lwiyFMrFSq8\/YMdcOm_BRmI\/AAAAAAAAHv4\/vfs-4cJM0-QqJzdG0MEC3xKkBFWYcpf2gCLcBGAsYHQ\/s320\/200060359_347362220097745_910590220922711061_n.jpg\" width=\"353\" height=\"220\" border=\"0\" data-original-height=\"275\" data-original-width=\"442\" \/><\/a>DISPOSTO<\/b><\/p>\n<div class=\"code-block code-block-2\"><\/div>\n<p>Bem mais empolgado do que em 2018, quando ensaiou concorrer a Assembleia Legislativa, o ex-prefeito de Afogados da Ingazeira e presidente da AMUPE,\u00a0<strong>Jos\u00e9 Patriota (PSB)<\/strong>\u00a0est\u00e1 com a candidatura disposto a encarar o desafio nas\u00a0 elei\u00e7\u00f5es de 2022. O socialista j\u00e1 botou o p\u00e9 na estrada. Depois de uma visita ao prefeito Triunfo, Luciano Bonfim (Avante), Coimbra tamb\u00e9m esteve em Carna\u00edba, onde marcou presen\u00e7a na inaugura\u00e7\u00e3o de algumas obras que foram entregues \u00e0 popula\u00e7\u00e3o pelo prefeito, Anchieta Patriota (PSB). Na ocasi\u00e3o estiveram presentes o deputado federal Danilo Cabral (PSB), o secret\u00e1rio de Ci\u00eancias e Tecnologia, Lucas Ramos, o prefeito de Afogados da Ingazeira, Alessandro Palmeira, a primeira dama e secret\u00e1ria de Educa\u00e7\u00e3o Cec\u00edlia Patriota, o vice-prefeito J\u00fanior de Mocinha, os vereadores C\u00edcero Batista, Alex Mendes, Z\u00e9 Ivan, Jos\u00e9 Jesus (Calango) e Izaquelle Rodrigues, al\u00e9m de secret\u00e1rios municipais.<\/p>\n<p><strong>*********************************************<\/strong><\/p>\n<p><strong>TR\u00caS PREFEITOS<\/strong><\/p>\n<p>Por falar em\u00a0<strong>Jos\u00e9 Patriota (PSB)<\/strong>, o socialista j\u00e1 conta com o apoio de tr\u00eas prefeitos da regi\u00e3o do Paje\u00fa: Alessandro Palmeira (PSB) de Afogados da Ingazeira, Anchieta Patriota (PSB) de Carna\u00edba e Luciano Bonfim (Avante) de Triunfo, al\u00e9m do ex-prefeito\u00a0<strong>Jo\u00e3o Batista Rodrigues (PSB)<\/strong>. Por baixo, o socialista deve sair com\u00a0<strong>20 mil votos do Paje<\/strong>\u00fa, o complemento seria no pinga em outras regi\u00f5es do estado. Se tiver a ajuda do prefeito do Recife,\u00a0<strong>Jo\u00e3o Campos (PSB<\/strong>) e a gratid\u00e3o do\u00a0<strong>Partido Socialista Brasileiro \u2013 PSB<\/strong>, ao qual sempre foi fiel, Coimbra poder\u00e1 ocupar em 2023, uma das cadeiras na Assembleia Legislativa. O problema \u00e9 saber se Jo\u00e3o e a c\u00fapula do partido est\u00e1 mesmo decidido a retribuir a dedica\u00e7\u00e3o e a fidelidade de Z\u00e9\u2026<\/p>\n<p><strong>*********************************************<\/strong><\/p>\n<p><strong>N\u00c3O VOTA EM JOS\u00c9 PATRIOTA<\/strong><\/p>\n<p>Durante a participa\u00e7\u00e3o em um Live com o Rep\u00f3rter do Paje\u00fa, Itamar Fran\u00e7a, o petista Firmino Miron do Diret\u00f3rio Municipal do Partido dos Trabalhadores \u2013 PT de Afogados da Ingazeira disse que a norma do partido sempre foi votar em candidatos apresentados pela sigla. Perguntado sobre a candidatura do ex-prefeito pajeuzeiro, Jos\u00e9 Patriota (PSB) a Assembleia Legislativa de Pernambuco- Alepe, fez elogios ao socialista, mas descartou qualquer possibilidade de voto.<\/p>\n<p><strong>*********************************************<\/strong><\/p>\n<p><strong>NO CAMPOS DAS POSSIBILIDADES\u2026<\/strong><\/p>\n<p>Pr\u00e9-candidato a Assembleia Legislativa de Pernambuco- Alepe, o Secret\u00e1rio Municipal de Sa\u00fade de S\u00e3o Jos\u00e9 do Egito,\u00a0<strong>Paulo Juc\u00e1 (PSB<\/strong>) est\u00e1 fazendo as articula\u00e7\u00f5es de forma muito discreta. Pelo menos at\u00e9 o momento, nenhum dos prefeitos do entorno de S\u00e3o Jos\u00e9 do Egito declarou apoio a aposta pol\u00edtica de Evandro Valadares. O prefeito de Itapetim Adelmo Moura (PSB) e o ex-prefeito de Brejinho Jos\u00e9 Vanderley (PSB) que sempre andam encangados ainda n\u00e3o declararam publicamente apoio a Paulinho que pode contar talvez com o voto do ex-prefeito, Deva Pessoa (PSD) em Tuparetama. O prefeitos Gilson Bento (Brejinho), Delson Lustosa (Santa Terezinha) e \u00c2ngelo Ferreira (Sert\u00e2nia) est\u00e3o dentro do campo das possibilidades\u2026<\/p>\n<p><strong>*********************************************<\/strong><\/p>\n<p><strong>N\u00c3O \u00c9 O NOME NATURAL<\/strong><\/p>\n<p>Ainda muito distante, mas o nome do ex-vereador\u00a0<strong>Gleybson Martins (Podemos)<\/strong>\u00a0n\u00e3o \u00e9 o nome natural da oposi\u00e7\u00e3o para as elei\u00e7\u00f5es municipais de 2024. \u00c9 que o grupo ao que parece, contar\u00e1 com outros pretendentes a encabe\u00e7ar a chapa oposicionista na terra do Dantas. Apesar de est\u00e1 com o nome requentado de uma disputa municipal em novembro de 2020, Gleybson Martins enfrentar\u00e1 barreiras para ser novamente protagonista, no processo de discuss\u00f5es internas.<\/p>\n<p><strong>*********************************************<\/strong><\/p>\n<p><strong>QUEST\u00c3O DE HONRA<\/strong><\/p>\n<p>Por falar em Carna\u00edba, \u00e9 uma quest\u00e3o de honra para o prefeito\u00a0<strong>Anchieta Patriota (PSB)<\/strong>\u00a0fazer seu sucessor em 2024, por isso vem trabalhando bastante. As especula\u00e7\u00f5es giram em torno dos nomes do Secret\u00e1rio de Obras,\u00a0<strong>Thiago Arruda<\/strong>,\u00a0<strong>Fafinha<\/strong>\u00a0e do vice-prefeito\u00a0<strong>J\u00fanior de Mocinha<\/strong>, este \u00faltimo apresar do grande potencial, soa com menos intensidade. J\u00fanior tem tido papel fundamental na gest\u00e3o do Patriota e se mostrou at\u00e9 o momento dedica\u00e7\u00e3o e fidelidade.<\/p>\n<p><strong>*********************************************<\/strong><\/p>\n<p><strong>ACERTADA<\/strong><\/p>\n<p>A escolha do nome do ex-prefeito, Jos\u00e9 Patriota (PSB) para a Assembleia Legislativa foi pra l\u00e1 de sugestiva, quer dizer acertada, pelo prefeito de Carna\u00edba Anchieta Patriota (PSB). Nome caseiro, com hist\u00f3rico invej\u00e1vel e uma t\u00faia de servi\u00e7os prestados a regi\u00e3o, Coimbra vai entrar f\u00e1cil na cabe\u00e7a do eleitor, molinho molinho como faca em melancia\u2026 O danado vai colocar Anchieta numa posi\u00e7\u00e3o mais aliviada, j\u00e1 que a oposi\u00e7\u00e3o vai querer mostrar servi\u00e7o em 2022. Em suma, Coimbra vai ser ajudado, mas tamb\u00e9m dar\u00e1 uma for\u00e7a daquelas ao prefeito carnaibano\u2026<\/p>\n<p><strong>********************************************<\/strong><\/p>\n<p><strong>\u00c9 DUQUE!<\/strong><\/p>\n<p>Existe grande possibilidade de o PT de Afogados da Ingazeira apoiar a candidatura do ex-prefeito de Serra Talhada, Luciano Duque a Assembleia Legislativa em 2022. Nas elei\u00e7\u00f5es de 2018, uma ala do partido apoiou a candidatura \u00e0 \u00e9poca de\u00a0<strong>Sin\u00e9sio Rodrigues<\/strong>\u00a0para deputado estadual, enquanto outra corrente liderada pelo empres\u00e1rio, Em\u00eddio Vasconcelos votou em Tereza Leit\u00e3o. Pelos rasgados elogios de Firmino, a bola da vez parece ser Luciano\u2026<\/p>\n<\/div>\n","protected":false},"excerpt":{"rendered":"<p>Blog do FinFa Parab&eacute;ns amigo&nbsp;&ndash; Afogados da Ingazeria no pr&oacute;ximo dia 1&ordm; de Julho, completa 112 anos de emancipa&ccedil;&atilde;o pol&iacute;ticano. Durante todos este tempo, Afogados ja despontou com pol&iacute;ticos que muito fizeram por esta terra. Agora com todo respeito a todos, no meu intender, ningu&eacute;m tem um curriculum igual ao ex-vereador, ex-prefeito e ex-deputado Ant&ocirc;nio &#8230; <a title=\"~~Giro pelos Blog&#8217;S (Ter\u00e7a feira 15\/06\/2021)~~\" class=\"read-more\" href=\"https:\/\/blogdomarcellopatriota.com.br\/blog\/giro-pelos-blogs-terca-feira-15-06-2021\/\" aria-label=\"Read more about ~~Giro pelos Blog&#8217;S (Ter\u00e7a feira 15\/06\/2021)~~\">Ler mais<\/a><\/p>\n","protected":false},"author":2,"featured_media":0,"comment_status":"closed","ping_status":"closed","sticky":false,"template":"","format":"standard","meta":{"footnotes":""},"categories":[1],"tags":[],"class_list":["post-41541","post","type-post","status-publish","format-standard","hentry","category-sem-categoria"],"_links":{"self":[{"href":"https:\/\/blogdomarcellopatriota.com.br\/blog\/wp-json\/wp\/v2\/posts\/41541","targetHints":{"allow":["GET"]}}],"collection":[{"href":"https:\/\/blogdomarcellopatriota.com.br\/blog\/wp-json\/wp\/v2\/posts"}],"about":[{"href":"https:\/\/blogdomarcellopatriota.com.br\/blog\/wp-json\/wp\/v2\/types\/post"}],"author":[{"embeddable":true,"href":"https:\/\/blogdomarcellopatriota.com.br\/blog\/wp-json\/wp\/v2\/users\/2"}],"replies":[{"embeddable":true,"href":"https:\/\/blogdomarcellopatriota.com.br\/blog\/wp-json\/wp\/v2\/comments?post=41541"}],"version-history":[{"count":6,"href":"https:\/\/blogdomarcellopatriota.com.br\/blog\/wp-json\/wp\/v2\/posts\/41541\/revisions"}],"predecessor-version":[{"id":41549,"href":"https:\/\/blogdomarcellopatriota.com.br\/blog\/wp-json\/wp\/v2\/posts\/41541\/revisions\/41549"}],"wp:attachment":[{"href":"https:\/\/blogdomarcellopatriota.com.br\/blog\/wp-json\/wp\/v2\/media?parent=41541"}],"wp:term":[{"taxonomy":"category","embeddable":true,"href":"https:\/\/blogdomarcellopatriota.com.br\/blog\/wp-json\/wp\/v2\/categories?post=41541"},{"taxonomy":"post_tag","embeddable":true,"href":"https:\/\/blogdomarcellopatriota.com.br\/blog\/wp-json\/wp\/v2\/tags?post=41541"}],"curies":[{"name":"wp","href":"https:\/\/api.w.org\/{rel}","templated":true}]}}