{"id":69103,"date":"2023-02-16T12:54:06","date_gmt":"2023-02-16T15:54:06","guid":{"rendered":"https:\/\/blogdomarcellopatriota.com.br\/blog\/?p=69103"},"modified":"2023-02-16T16:24:49","modified_gmt":"2023-02-16T19:24:49","slug":"mais-uma-vez-governo-de-pe-esquece-do-sertao-do-pajeu","status":"publish","type":"post","link":"https:\/\/blogdomarcellopatriota.com.br\/blog\/mais-uma-vez-governo-de-pe-esquece-do-sertao-do-pajeu\/","title":{"rendered":"Mais uma vez, Governo de PE esquece do Sert\u00e3o do Paje\u00fa"},"content":{"rendered":"<p><b><i><img fetchpriority=\"high\" decoding=\"async\" class=\"alignleft wp-image-251883 jetpack-lazy-image jetpack-lazy-image--handled\" src=\"https:\/\/i2.wp.com\/nilljunior.com.br\/wp-content\/uploads\/2023\/02\/carnaval-2023-governo-Pernambuco.jpg?resize=400%2C267&amp;ssl=1\" sizes=\"(max-width: 400px) 100vw, 400px\" srcset=\"https:\/\/i2.wp.com\/nilljunior.com.br\/wp-content\/uploads\/2023\/02\/carnaval-2023-governo-Pernambuco.jpg?w=1600&amp;ssl=1 1600w, https:\/\/i2.wp.com\/nilljunior.com.br\/wp-content\/uploads\/2023\/02\/carnaval-2023-governo-Pernambuco.jpg?resize=150%2C100&amp;ssl=1 150w, https:\/\/i2.wp.com\/nilljunior.com.br\/wp-content\/uploads\/2023\/02\/carnaval-2023-governo-Pernambuco.jpg?resize=300%2C200&amp;ssl=1 300w, https:\/\/i2.wp.com\/nilljunior.com.br\/wp-content\/uploads\/2023\/02\/carnaval-2023-governo-Pernambuco.jpg?resize=768%2C512&amp;ssl=1 768w, https:\/\/i2.wp.com\/nilljunior.com.br\/wp-content\/uploads\/2023\/02\/carnaval-2023-governo-Pernambuco.jpg?resize=600%2C400&amp;ssl=1 600w\" alt=\"\" width=\"400\" height=\"267\" data-attachment-id=\"251883\" data-permalink=\"https:\/\/nilljunior.com.br\/mais-uma-vez-governo-de-pernambuco-esquece-do-sertao-do-pajeu\/carnaval-2023-governo-pernambuco\/\" data-orig-file=\"https:\/\/i2.wp.com\/nilljunior.com.br\/wp-content\/uploads\/2023\/02\/carnaval-2023-governo-Pernambuco.jpg?fit=1600%2C1066&amp;ssl=1\" data-orig-size=\"1600,1066\" data-comments-opened=\"1\" data-image-meta=\"{&quot;aperture&quot;:&quot;0&quot;,&quot;credit&quot;:&quot;&quot;,&quot;camera&quot;:&quot;&quot;,&quot;caption&quot;:&quot;&quot;,&quot;created_timestamp&quot;:&quot;0&quot;,&quot;copyright&quot;:&quot;&quot;,&quot;focal_length&quot;:&quot;0&quot;,&quot;iso&quot;:&quot;0&quot;,&quot;shutter_speed&quot;:&quot;0&quot;,&quot;title&quot;:&quot;&quot;,&quot;orientation&quot;:&quot;0&quot;}\" data-image-title=\"carnaval-2023-governo-Pernambuco\" data-image-description=\"\" data-medium-file=\"https:\/\/i2.wp.com\/nilljunior.com.br\/wp-content\/uploads\/2023\/02\/carnaval-2023-governo-Pernambuco.jpg?fit=300%2C200&amp;ssl=1\" data-large-file=\"https:\/\/i2.wp.com\/nilljunior.com.br\/wp-content\/uploads\/2023\/02\/carnaval-2023-governo-Pernambuco.jpg?fit=600%2C400&amp;ssl=1\" data-recalc-dims=\"1\" data-lazy-loaded=\"1\" \/>A\u00e7\u00f5es do governo para o carnaval focam Agreste e Regi\u00e3o Metropolitana<\/i><\/b><\/p>\n<p><em><strong>Blog Nill Jr<\/strong> <\/em>|Nesta ter\u00e7a-feira (14) o Governo de Pernambuco promoveu uma coletiva de imprensa para divulgar as a\u00e7\u00f5es que ser\u00e3o empregadas durante o per\u00edodo do carnaval deste ano.<\/p>\n<p>Dentre as a\u00e7\u00f5es anunciadas, chamou a aten\u00e7\u00e3o a quest\u00e3o da Seguran\u00e7a P\u00fablica. Principalmente voltada \u00e0s mulheres.<\/p>\n<p>Segundo o Governo, durante todo o carnaval, as Delegacias da Mulher de Paulista, Olinda, Jaboat\u00e3o, Caruaru, Petrolina e do Recife passar\u00e3o a funcionar 24 horas. A partir do dia 1\u00b0 de mar\u00e7o, funcionar\u00e3o de forma ininterrupta.<\/p>\n<p>O governo s\u00f3 esqueceu que em Afogados da Ingazeira existe a 13\u00aa Delegacia Especializada de Atendimento a Mulher \u2013 13\u00aa DEAM, comandada pela delegada Andreza Greg\u00f3rio.<\/p>\n<p>Assim como fez, quando paralisou as obras da Estrada de Ibitiranga, a PE 380, o Governo de Pernambuco mostra m\u00e1 vontade com a regi\u00e3o.<\/p>\n<p>Outro ponto que \u00e9 preciso destacar. Ao falar sobre a diversidade cultural do carnaval pernambucano, o secret\u00e1rio estadual de Cultura, Silv\u00e9rio Pessoa, tamb\u00e9m se limitou a destacar apenas o cen\u00e1rio em torno do Recife e da Regi\u00e3o Metropolitana. Nada contra, \u00e9 realmente um cen\u00e1rio multicultural. Mas, e os Caretas de Triunfo, os Tabaqueiros de Afogados da Ingazeira e toda a cultura e irrever\u00eancia com que brinca o foli\u00e3o sertanejo?\u00a0 Nem uma men\u00e7\u00e3o?<\/p>\n<p>Algu\u00e9m precisa avisar \u00e0 equipe da governadora que Afogados da Ingazeira e demais cidades do Sert\u00e3o do Paje\u00fa tem carnaval. E dos bons! E que aqui, como em Paulista, Olinda, Jaboat\u00e3o, Caruaru, Petrolina e Recife, tamb\u00e9m existem mulheres que necessitam de seguran\u00e7a e amparo.<\/p>\n","protected":false},"excerpt":{"rendered":"<p>A&ccedil;&otilde;es do governo para o carnaval focam Agreste e Regi&atilde;o Metropolitana Blog Nill Jr |Nesta ter&ccedil;a-feira (14) o Governo de Pernambuco promoveu uma coletiva de imprensa para divulgar as a&ccedil;&otilde;es que ser&atilde;o empregadas durante o per&iacute;odo do carnaval deste ano. Dentre as a&ccedil;&otilde;es anunciadas, chamou a aten&ccedil;&atilde;o a quest&atilde;o da Seguran&ccedil;a P&uacute;blica. Principalmente voltada &agrave;s &#8230; <a title=\"Mais uma vez, Governo de PE esquece do Sert\u00e3o do Paje\u00fa\" class=\"read-more\" href=\"https:\/\/blogdomarcellopatriota.com.br\/blog\/mais-uma-vez-governo-de-pe-esquece-do-sertao-do-pajeu\/\" aria-label=\"Read more about Mais uma vez, Governo de PE esquece do Sert\u00e3o do Paje\u00fa\">Ler mais<\/a><\/p>\n","protected":false},"author":2,"featured_media":0,"comment_status":"closed","ping_status":"closed","sticky":false,"template":"","format":"standard","meta":{"footnotes":""},"categories":[1],"tags":[],"class_list":["post-69103","post","type-post","status-publish","format-standard","hentry","category-sem-categoria"],"_links":{"self":[{"href":"https:\/\/blogdomarcellopatriota.com.br\/blog\/wp-json\/wp\/v2\/posts\/69103","targetHints":{"allow":["GET"]}}],"collection":[{"href":"https:\/\/blogdomarcellopatriota.com.br\/blog\/wp-json\/wp\/v2\/posts"}],"about":[{"href":"https:\/\/blogdomarcellopatriota.com.br\/blog\/wp-json\/wp\/v2\/types\/post"}],"author":[{"embeddable":true,"href":"https:\/\/blogdomarcellopatriota.com.br\/blog\/wp-json\/wp\/v2\/users\/2"}],"replies":[{"embeddable":true,"href":"https:\/\/blogdomarcellopatriota.com.br\/blog\/wp-json\/wp\/v2\/comments?post=69103"}],"version-history":[{"count":1,"href":"https:\/\/blogdomarcellopatriota.com.br\/blog\/wp-json\/wp\/v2\/posts\/69103\/revisions"}],"predecessor-version":[{"id":69104,"href":"https:\/\/blogdomarcellopatriota.com.br\/blog\/wp-json\/wp\/v2\/posts\/69103\/revisions\/69104"}],"wp:attachment":[{"href":"https:\/\/blogdomarcellopatriota.com.br\/blog\/wp-json\/wp\/v2\/media?parent=69103"}],"wp:term":[{"taxonomy":"category","embeddable":true,"href":"https:\/\/blogdomarcellopatriota.com.br\/blog\/wp-json\/wp\/v2\/categories?post=69103"},{"taxonomy":"post_tag","embeddable":true,"href":"https:\/\/blogdomarcellopatriota.com.br\/blog\/wp-json\/wp\/v2\/tags?post=69103"}],"curies":[{"name":"wp","href":"https:\/\/api.w.org\/{rel}","templated":true}]}}