{"id":69116,"date":"2023-02-16T11:55:08","date_gmt":"2023-02-16T14:55:08","guid":{"rendered":"https:\/\/blogdomarcellopatriota.com.br\/blog\/?p=69116"},"modified":"2023-02-16T16:25:39","modified_gmt":"2023-02-16T19:25:39","slug":"campus-do-ifpe-de-afogados-divulga-resultado-preliminar-da-renovacao-do-manutencao-academica","status":"publish","type":"post","link":"https:\/\/blogdomarcellopatriota.com.br\/blog\/campus-do-ifpe-de-afogados-divulga-resultado-preliminar-da-renovacao-do-manutencao-academica\/","title":{"rendered":"Campus do IFPE de Afogados  divulga resultado preliminar da Renova\u00e7\u00e3o do Manuten\u00e7\u00e3o Acad\u00eamica"},"content":{"rendered":"<p><img fetchpriority=\"high\" decoding=\"async\" class=\"wp-image-126913 alignleft\" src=\"https:\/\/penoticias.com.br\/blog\/wp-content\/uploads\/2023\/02\/PE-Noticias-89-1024x537.jpg\" sizes=\"(max-width: 671px) 100vw, 671px\" srcset=\"https:\/\/penoticias.com.br\/blog\/wp-content\/uploads\/2023\/02\/PE-Noticias-89-1024x537.jpg 1024w, https:\/\/penoticias.com.br\/blog\/wp-content\/uploads\/2023\/02\/PE-Noticias-89-300x157.jpg 300w, https:\/\/penoticias.com.br\/blog\/wp-content\/uploads\/2023\/02\/PE-Noticias-89-768x403.jpg 768w, https:\/\/penoticias.com.br\/blog\/wp-content\/uploads\/2023\/02\/PE-Noticias-89.jpg 1135w\" alt=\"\" width=\"349\" height=\"183\" \/><\/p>\n<p>A Coordena\u00e7\u00e3o de Apoio ao Ensino e ao Estudante (CAEE), do Campus do IFPE de Afogados da Ingazeira divulgou nesta ter\u00e7a-feira (14), um dia antes da data prevista, o resultado preliminar da Renova\u00e7\u00e3o do Programa Manuten\u00e7\u00e3o Acad\u00eamica. Neste semestre, devido a uma indisponibilidade no sistema Fluxo, a renova\u00e7\u00e3o que deveria ter sido feita por cada estudante, foi, excepcionalmente, operacionalizada pela equipe da CAEE.<\/p>\n<p>Interessados em entrar com recursos contra o resultado preliminar, tem at\u00e9 as 17h desta quinta-feira (16), por meio do formul\u00e1rio eletr\u00f4nico dispon\u00edvel no link:\u00a0<a href=\"https:\/\/bit.ly\/renocacaomanutencao\">https:\/\/bit.ly\/renocacaomanutencao<\/a><\/p>\n<p>O cronograma de renova\u00e7\u00e3o e suas fases est\u00e3o mantidos. Mais informa\u00e7\u00f5es podem ser obtidas atrav\u00e9s do e-mail:\u00a0<a href=\"mailto:cae@afogados.ifpe.edu.br\">cae@afogados.ifpe.edu.br<\/a>\u00a0ou se forma presencial, na sala da CAEE no Bloco F.<\/p>\n<p>Clique aqui e veja o\u00a0<strong><a href=\"https:\/\/www.ifpe.edu.br\/campus\/afogados\/noticias\/divulgado-resultado-preliminar-da-renovacao-do-manutencao-academica\/resultado-preliminar_renovacao-2023\">Resultado Preliminar \u2013 Renova\u00e7\u00e3o Manuten\u00e7\u00e3o Acad\u00eamica<\/a><\/strong><\/p>\n<p>&nbsp;<\/p>\n","protected":false},"excerpt":{"rendered":"<p>A Coordena&ccedil;&atilde;o de Apoio ao Ensino e ao Estudante (CAEE), do Campus do IFPE de Afogados da Ingazeira divulgou nesta ter&ccedil;a-feira (14), um dia antes da data prevista, o resultado preliminar da Renova&ccedil;&atilde;o do Programa Manuten&ccedil;&atilde;o Acad&ecirc;mica. Neste semestre, devido a uma indisponibilidade no sistema Fluxo, a renova&ccedil;&atilde;o que deveria ter sido feita por cada &#8230; <a title=\"Campus do IFPE de Afogados  divulga resultado preliminar da Renova\u00e7\u00e3o do Manuten\u00e7\u00e3o Acad\u00eamica\" class=\"read-more\" href=\"https:\/\/blogdomarcellopatriota.com.br\/blog\/campus-do-ifpe-de-afogados-divulga-resultado-preliminar-da-renovacao-do-manutencao-academica\/\" aria-label=\"Read more about Campus do IFPE de Afogados  divulga resultado preliminar da Renova\u00e7\u00e3o do Manuten\u00e7\u00e3o Acad\u00eamica\">Ler mais<\/a><\/p>\n","protected":false},"author":2,"featured_media":0,"comment_status":"closed","ping_status":"closed","sticky":false,"template":"","format":"standard","meta":{"footnotes":""},"categories":[1],"tags":[],"class_list":["post-69116","post","type-post","status-publish","format-standard","hentry","category-sem-categoria"],"_links":{"self":[{"href":"https:\/\/blogdomarcellopatriota.com.br\/blog\/wp-json\/wp\/v2\/posts\/69116","targetHints":{"allow":["GET"]}}],"collection":[{"href":"https:\/\/blogdomarcellopatriota.com.br\/blog\/wp-json\/wp\/v2\/posts"}],"about":[{"href":"https:\/\/blogdomarcellopatriota.com.br\/blog\/wp-json\/wp\/v2\/types\/post"}],"author":[{"embeddable":true,"href":"https:\/\/blogdomarcellopatriota.com.br\/blog\/wp-json\/wp\/v2\/users\/2"}],"replies":[{"embeddable":true,"href":"https:\/\/blogdomarcellopatriota.com.br\/blog\/wp-json\/wp\/v2\/comments?post=69116"}],"version-history":[{"count":1,"href":"https:\/\/blogdomarcellopatriota.com.br\/blog\/wp-json\/wp\/v2\/posts\/69116\/revisions"}],"predecessor-version":[{"id":69117,"href":"https:\/\/blogdomarcellopatriota.com.br\/blog\/wp-json\/wp\/v2\/posts\/69116\/revisions\/69117"}],"wp:attachment":[{"href":"https:\/\/blogdomarcellopatriota.com.br\/blog\/wp-json\/wp\/v2\/media?parent=69116"}],"wp:term":[{"taxonomy":"category","embeddable":true,"href":"https:\/\/blogdomarcellopatriota.com.br\/blog\/wp-json\/wp\/v2\/categories?post=69116"},{"taxonomy":"post_tag","embeddable":true,"href":"https:\/\/blogdomarcellopatriota.com.br\/blog\/wp-json\/wp\/v2\/tags?post=69116"}],"curies":[{"name":"wp","href":"https:\/\/api.w.org\/{rel}","templated":true}]}}