{"id":69134,"date":"2023-02-16T11:24:51","date_gmt":"2023-02-16T14:24:51","guid":{"rendered":"https:\/\/blogdomarcellopatriota.com.br\/blog\/?p=69134"},"modified":"2023-02-16T16:23:01","modified_gmt":"2023-02-16T19:23:01","slug":"camara-de-vereadores-de-tuparetama-faz-2a-sessao-ordinaria","status":"publish","type":"post","link":"https:\/\/blogdomarcellopatriota.com.br\/blog\/camara-de-vereadores-de-tuparetama-faz-2a-sessao-ordinaria\/","title":{"rendered":"C\u00e2mara de Vereadores de Tuparetama faz 2\u00aa Sess\u00e3o Ordin\u00e1ria do ano 2023"},"content":{"rendered":"<p><img decoding=\"async\" class=\"aligncenter\" src=\"https:\/\/scontent.ffor4-1.fna.fbcdn.net\/v\/t1.15752-9\/329469880_966715207631949_6327468026683824624_n.jpg?_nc_cat=101&amp;ccb=1-7&amp;_nc_sid=ae9488&amp;_nc_ohc=Nfey4tzYvXwAX96X2Es&amp;_nc_pt=1&amp;_nc_ht=scontent.ffor4-1.fna&amp;oh=03_AdSe422-fRrjEyCx7kpvh37m4LVZv0onW6T7FhIc_X5XWA&amp;oe=640858EC\" alt=\"C\u00e2mara de Tuparetama | Na 1\u00aa sess\u00e3o do ano Deva Pessoa tem contas rejeitadas referentes a 2016 - Blog do Marcello Patriota\" \/><img fetchpriority=\"high\" decoding=\"async\" class=\"alignleft\" src=\"https:\/\/scontent.ffor4-2.fna.fbcdn.net\/v\/t1.15752-9\/330800280_1903812496619180_8276802189953527846_n.jpg?_nc_cat=102&amp;ccb=1-7&amp;_nc_sid=ae9488&amp;_nc_ohc=qlagWGstpgYAX_fn2RH&amp;_nc_pt=1&amp;_nc_ht=scontent.ffor4-2.fna&amp;oh=03_AdSRq-MnH8XWqOh7hAtmVyNBf44Crp2rJZNty0Vxf3WwXw&amp;oe=641450DE\" alt=\"Nenhuma descri\u00e7\u00e3o dispon\u00edvel.\" width=\"339\" height=\"603\" \/><em><strong>blog Nill Jr.|<\/strong><\/em><\/p>\n<p>Na \u00faltima segunda-feira (13), a C\u00e2mara de Vereadores de Tuparetama realizou a segunda Sess\u00e3o Ordin\u00e1ria de 2023.<\/p>\n<p>No Grande Expediente, foram tratados projetos de leis, como o que altera par\u00e2metros salariais do quadro efetivo do munic\u00edpio, outro que altera dispositivo da lei municipal 363, de 18 de dezembro de 2014. Tamb\u00e9m tratou-se do C\u00f3digo Tribut\u00e1rio do Munic\u00edpio.<\/p>\n<p>O Grande Expediente tamb\u00e9m discutiu o Projeto de Resolu\u00e7\u00e3o que concede revis\u00e3o geral dos servidores p\u00fablicos efetivos, comissionados e aposentados do Poder Legislativo Municipal. Ainda foram apresentados requerimentos e indica\u00e7\u00f5es de parlamentares.<\/p>\n<p>O vereador Sebasti\u00e3o Luiz de Sales e a vereadora Maria Luciana Lima Pessoa, apresentaram Requerimento solicitando a revitaliza\u00e7\u00e3o do Est\u00e1dio Josias Pereira.<\/p>\n<p>J\u00e1 o vereador Danilo Augusto, apresentou Requerimento solicitando o nome das gestantes que est\u00e3o sendo acompanhadas nos PSF\u2019s, semanas gestacionais e quantidade de ultrassonografias realizadas.<\/p>\n<p>Danilo Augusto tamb\u00e9m apresentou duas indica\u00e7\u00f5es. Uma, para que a van do Transporte Fora de Domic\u00edlio (TFD), realize viagens ao Recife tr\u00eas vezes por semana, aos domingos, ter\u00e7as-feiras e quintas-feiras e outra solicitando que as l\u00e2mpadas das pra\u00e7as do munic\u00edpio n\u00e3o sejam apagadas durante a madrugada.<\/p>\n<p>&nbsp;<\/p>\n","protected":false},"excerpt":{"rendered":"<p>blog Nill Jr.| Na &uacute;ltima segunda-feira (13), a C&acirc;mara de Vereadores de Tuparetama realizou a segunda Sess&atilde;o Ordin&aacute;ria de 2023. No Grande Expediente, foram tratados projetos de leis, como o que altera par&acirc;metros salariais do quadro efetivo do munic&iacute;pio, outro que altera dispositivo da lei municipal 363, de 18 de dezembro de 2014. Tamb&eacute;m tratou-se &#8230; <a title=\"C\u00e2mara de Vereadores de Tuparetama faz 2\u00aa Sess\u00e3o Ordin\u00e1ria do ano 2023\" class=\"read-more\" href=\"https:\/\/blogdomarcellopatriota.com.br\/blog\/camara-de-vereadores-de-tuparetama-faz-2a-sessao-ordinaria\/\" aria-label=\"Read more about C\u00e2mara de Vereadores de Tuparetama faz 2\u00aa Sess\u00e3o Ordin\u00e1ria do ano 2023\">Ler mais<\/a><\/p>\n","protected":false},"author":2,"featured_media":0,"comment_status":"closed","ping_status":"closed","sticky":false,"template":"","format":"standard","meta":{"footnotes":""},"categories":[1],"tags":[],"class_list":["post-69134","post","type-post","status-publish","format-standard","hentry","category-sem-categoria"],"_links":{"self":[{"href":"https:\/\/blogdomarcellopatriota.com.br\/blog\/wp-json\/wp\/v2\/posts\/69134","targetHints":{"allow":["GET"]}}],"collection":[{"href":"https:\/\/blogdomarcellopatriota.com.br\/blog\/wp-json\/wp\/v2\/posts"}],"about":[{"href":"https:\/\/blogdomarcellopatriota.com.br\/blog\/wp-json\/wp\/v2\/types\/post"}],"author":[{"embeddable":true,"href":"https:\/\/blogdomarcellopatriota.com.br\/blog\/wp-json\/wp\/v2\/users\/2"}],"replies":[{"embeddable":true,"href":"https:\/\/blogdomarcellopatriota.com.br\/blog\/wp-json\/wp\/v2\/comments?post=69134"}],"version-history":[{"count":6,"href":"https:\/\/blogdomarcellopatriota.com.br\/blog\/wp-json\/wp\/v2\/posts\/69134\/revisions"}],"predecessor-version":[{"id":69161,"href":"https:\/\/blogdomarcellopatriota.com.br\/blog\/wp-json\/wp\/v2\/posts\/69134\/revisions\/69161"}],"wp:attachment":[{"href":"https:\/\/blogdomarcellopatriota.com.br\/blog\/wp-json\/wp\/v2\/media?parent=69134"}],"wp:term":[{"taxonomy":"category","embeddable":true,"href":"https:\/\/blogdomarcellopatriota.com.br\/blog\/wp-json\/wp\/v2\/categories?post=69134"},{"taxonomy":"post_tag","embeddable":true,"href":"https:\/\/blogdomarcellopatriota.com.br\/blog\/wp-json\/wp\/v2\/tags?post=69134"}],"curies":[{"name":"wp","href":"https:\/\/api.w.org\/{rel}","templated":true}]}}