{"id":69139,"date":"2023-02-16T00:53:07","date_gmt":"2023-02-16T03:53:07","guid":{"rendered":"https:\/\/blogdomarcellopatriota.com.br\/blog\/?p=69139"},"modified":"2023-02-16T16:26:32","modified_gmt":"2023-02-16T19:26:32","slug":"iguaracy-reajusta-do-piso-do-magisterio-em-15","status":"publish","type":"post","link":"https:\/\/blogdomarcellopatriota.com.br\/blog\/iguaracy-reajusta-do-piso-do-magisterio-em-15\/","title":{"rendered":"Iguaracy  reajustou do piso do magist\u00e9rio em 15%"},"content":{"rendered":"<p><img fetchpriority=\"high\" decoding=\"async\" class=\"alignleft wp-image-240573 jetpack-lazy-image jetpack-lazy-image--handled\" src=\"https:\/\/i2.wp.com\/nilljunior.com.br\/wp-content\/uploads\/2022\/09\/ZeinhaTorres2.jpg?resize=400%2C263&amp;ssl=1\" sizes=\"(max-width: 400px) 100vw, 400px\" srcset=\"https:\/\/i2.wp.com\/nilljunior.com.br\/wp-content\/uploads\/2022\/09\/ZeinhaTorres2.jpg?w=555&amp;ssl=1 555w, https:\/\/i2.wp.com\/nilljunior.com.br\/wp-content\/uploads\/2022\/09\/ZeinhaTorres2.jpg?resize=150%2C100&amp;ssl=1 150w, https:\/\/i2.wp.com\/nilljunior.com.br\/wp-content\/uploads\/2022\/09\/ZeinhaTorres2.jpg?resize=300%2C197&amp;ssl=1 300w\" alt=\"\" width=\"400\" height=\"263\" data-attachment-id=\"240573\" data-permalink=\"https:\/\/nilljunior.com.br\/zeinha-torres-e-multado-por-nao-enviar-informacoes-de-pessoal-ao-tce\/zeinhatorres2-2\/\" data-orig-file=\"https:\/\/i2.wp.com\/nilljunior.com.br\/wp-content\/uploads\/2022\/09\/ZeinhaTorres2.jpg?fit=555%2C365&amp;ssl=1\" data-orig-size=\"555,365\" data-comments-opened=\"1\" data-image-meta=\"{&quot;aperture&quot;:&quot;0&quot;,&quot;credit&quot;:&quot;&quot;,&quot;camera&quot;:&quot;&quot;,&quot;caption&quot;:&quot;&quot;,&quot;created_timestamp&quot;:&quot;0&quot;,&quot;copyright&quot;:&quot;&quot;,&quot;focal_length&quot;:&quot;0&quot;,&quot;iso&quot;:&quot;0&quot;,&quot;shutter_speed&quot;:&quot;0&quot;,&quot;title&quot;:&quot;&quot;,&quot;orientation&quot;:&quot;0&quot;}\" data-image-title=\"ZeinhaTorres2\" data-image-description=\"\" data-medium-file=\"https:\/\/i2.wp.com\/nilljunior.com.br\/wp-content\/uploads\/2022\/09\/ZeinhaTorres2.jpg?fit=300%2C197&amp;ssl=1\" data-large-file=\"https:\/\/i2.wp.com\/nilljunior.com.br\/wp-content\/uploads\/2022\/09\/ZeinhaTorres2.jpg?fit=555%2C365&amp;ssl=1\" data-recalc-dims=\"1\" data-lazy-loaded=\"1\" \/><strong>Por Andr\u00e9 Luis | Blog Nill Jr<\/strong><\/p>\n<p>Iguaracy foi a primeira cidade do Sert\u00e3o do Paje\u00fa, a anunciar o aumento de 15% do Piso do Magist\u00e9rio para os professores da rede municipal de ensino.<\/p>\n<p>No final de janeiro o prefeito Zeinha Torres anunciou o reajuste em suas redes sociais.<\/p>\n<p>Asssim que\u00a0 o ministro da Educa\u00e7\u00e3o, Camilo Santana, anunciou que havia assinado a Portaria com o novo Piso do Magist\u00e9rio 2023.<\/p>\n<p>Segundo o ministro, professores e professoras passam a receber o piso salarial no valor de R$ 4.420,55. Em 2022 o piso salarial da classe era de R$ 3.845,63. A lei do piso salarial dos professores, sancionada em 2008, estabelece que o reajuste deve ser feito anualmente, no m\u00eas de janeiro.<\/p>\n","protected":false},"excerpt":{"rendered":"<p>Por Andr&eacute; Luis | Blog Nill Jr Iguaracy foi a primeira cidade do Sert&atilde;o do Paje&uacute;, a anunciar o aumento de 15% do Piso do Magist&eacute;rio para os professores da rede municipal de ensino. No final de janeiro o prefeito Zeinha Torres anunciou o reajuste em suas redes sociais. Asssim que&nbsp; o ministro da Educa&ccedil;&atilde;o, &#8230; <a title=\"Iguaracy  reajustou do piso do magist\u00e9rio em 15%\" class=\"read-more\" href=\"https:\/\/blogdomarcellopatriota.com.br\/blog\/iguaracy-reajusta-do-piso-do-magisterio-em-15\/\" aria-label=\"Read more about Iguaracy  reajustou do piso do magist\u00e9rio em 15%\">Ler mais<\/a><\/p>\n","protected":false},"author":2,"featured_media":0,"comment_status":"closed","ping_status":"closed","sticky":false,"template":"","format":"standard","meta":{"footnotes":""},"categories":[1],"tags":[],"class_list":["post-69139","post","type-post","status-publish","format-standard","hentry","category-sem-categoria"],"_links":{"self":[{"href":"https:\/\/blogdomarcellopatriota.com.br\/blog\/wp-json\/wp\/v2\/posts\/69139","targetHints":{"allow":["GET"]}}],"collection":[{"href":"https:\/\/blogdomarcellopatriota.com.br\/blog\/wp-json\/wp\/v2\/posts"}],"about":[{"href":"https:\/\/blogdomarcellopatriota.com.br\/blog\/wp-json\/wp\/v2\/types\/post"}],"author":[{"embeddable":true,"href":"https:\/\/blogdomarcellopatriota.com.br\/blog\/wp-json\/wp\/v2\/users\/2"}],"replies":[{"embeddable":true,"href":"https:\/\/blogdomarcellopatriota.com.br\/blog\/wp-json\/wp\/v2\/comments?post=69139"}],"version-history":[{"count":2,"href":"https:\/\/blogdomarcellopatriota.com.br\/blog\/wp-json\/wp\/v2\/posts\/69139\/revisions"}],"predecessor-version":[{"id":69141,"href":"https:\/\/blogdomarcellopatriota.com.br\/blog\/wp-json\/wp\/v2\/posts\/69139\/revisions\/69141"}],"wp:attachment":[{"href":"https:\/\/blogdomarcellopatriota.com.br\/blog\/wp-json\/wp\/v2\/media?parent=69139"}],"wp:term":[{"taxonomy":"category","embeddable":true,"href":"https:\/\/blogdomarcellopatriota.com.br\/blog\/wp-json\/wp\/v2\/categories?post=69139"},{"taxonomy":"post_tag","embeddable":true,"href":"https:\/\/blogdomarcellopatriota.com.br\/blog\/wp-json\/wp\/v2\/tags?post=69139"}],"curies":[{"name":"wp","href":"https:\/\/api.w.org\/{rel}","templated":true}]}}