{"id":69149,"date":"2023-02-16T09:13:23","date_gmt":"2023-02-16T12:13:23","guid":{"rendered":"https:\/\/blogdomarcellopatriota.com.br\/blog\/?p=69149"},"modified":"2023-02-16T16:22:44","modified_gmt":"2023-02-16T19:22:44","slug":"camara-de-vereadores-de-itapetim-retorna-as-atividades-para-o-2o-bienio-com-junior-de-diogenes-assumindo-a-presidencia-pela-5a-vez","status":"publish","type":"post","link":"https:\/\/blogdomarcellopatriota.com.br\/blog\/camara-de-vereadores-de-itapetim-retorna-as-atividades-para-o-2o-bienio-com-junior-de-diogenes-assumindo-a-presidencia-pela-5a-vez\/","title":{"rendered":"C\u00e2mara de Vereadores de Itapetim retorna as atividades para o 2\u00ba bi\u00eanio com J\u00fanior de Di\u00f3genes assumindo a presid\u00eancia pela 5\u00aa vez"},"content":{"rendered":"<p><img decoding=\"async\" src=\"https:\/\/reporterdosertao.com\/hf-conteudo\/uploads\/posts\/2023\/02\/6360_419f3fd0-961e-4101-b137-f53bf9e7561c-jpg.jpg\" alt=\"Foto: Wallisson Lima\" \/><\/p>\n<p><img fetchpriority=\"high\" decoding=\"async\" class=\"alignleft\" src=\"https:\/\/reporterdosertao.com\/hf-conteudo\/uploads\/posts\/2023\/02\/6359_7a26e67f526ebba83868c4490046cdfb.jpg\" width=\"434\" height=\"289\" \/><em><strong>Blog Rep\u00f3rter do Sert\u00e3o\/ Foto: Wallisson Lima<\/strong><\/em>|<\/p>\n<p>Na manh\u00e3 desta quarta-feira (15), a C\u00e2mara de Vereadores de Itapetim retornou \u00e0s atividades legislativas para o bi\u00eanio 2023\/2024. Pela quinta vez o vereador J\u00fanior de Di\u00f3genes assumiu a presid\u00eancia da Casa Jos\u00e9 Jord\u00e3o Neto e ficar\u00e1 no cargo pelos pr\u00f3ximos dois anos.<\/p>\n<p>O parlamentar disse que quer aproximar ainda mais o poder legislativo da popula\u00e7\u00e3o e ressaltou compromisso de continuar apoiando o executivo em todos os projetos em prol da popula\u00e7\u00e3o itapetinense.<\/p>\n<p>O prefeito Adelmo Moura esteve participando da sess\u00e3o. O gestor, que tamb\u00e9m est\u00e1 no quinto mandato \u00e0 frente da Prefeitura, agradeceu o apoio da C\u00e2mara pela parceria em defesa dos interesses do povo de Itapetim.<\/p>\n<p>Adelmo tamb\u00e9m falou da import\u00e2ncia da uni\u00e3o entre executivo e legislativo. Moura fez uma presta\u00e7\u00e3o de contas das a\u00e7\u00f5es e refor\u00e7ou que 2023 ser\u00e1 um ano de muito trabalho para fazer de Itapetim um munic\u00edpio cada vez melhor.<\/p>\n<p>Durante a sess\u00e3o foi concedido o t\u00edtulo de cidad\u00e3o itapetinense ao advogado Emerson Dario. O vice-prefeito Chico de Laura, secret\u00e1rios e diretores municipais, o Padre Jorge Dias, lideran\u00e7as e outras autoridades estiveram prestigiando o evento.<\/p>\n","protected":false},"excerpt":{"rendered":"<p>Blog Rep&oacute;rter do Sert&atilde;o\/ Foto: Wallisson Lima| Na manh&atilde; desta quarta-feira (15), a C&acirc;mara de Vereadores de Itapetim retornou &agrave;s atividades legislativas para o bi&ecirc;nio 2023\/2024. Pela quinta vez o vereador J&uacute;nior de Di&oacute;genes assumiu a presid&ecirc;ncia da Casa Jos&eacute; Jord&atilde;o Neto e ficar&aacute; no cargo pelos pr&oacute;ximos dois anos. O parlamentar disse que quer &#8230; <a title=\"C\u00e2mara de Vereadores de Itapetim retorna as atividades para o 2\u00ba bi\u00eanio com J\u00fanior de Di\u00f3genes assumindo a presid\u00eancia pela 5\u00aa vez\" class=\"read-more\" href=\"https:\/\/blogdomarcellopatriota.com.br\/blog\/camara-de-vereadores-de-itapetim-retorna-as-atividades-para-o-2o-bienio-com-junior-de-diogenes-assumindo-a-presidencia-pela-5a-vez\/\" aria-label=\"Read more about C\u00e2mara de Vereadores de Itapetim retorna as atividades para o 2\u00ba bi\u00eanio com J\u00fanior de Di\u00f3genes assumindo a presid\u00eancia pela 5\u00aa vez\">Ler mais<\/a><\/p>\n","protected":false},"author":2,"featured_media":0,"comment_status":"closed","ping_status":"closed","sticky":false,"template":"","format":"standard","meta":{"footnotes":""},"categories":[1],"tags":[],"class_list":["post-69149","post","type-post","status-publish","format-standard","hentry","category-sem-categoria"],"_links":{"self":[{"href":"https:\/\/blogdomarcellopatriota.com.br\/blog\/wp-json\/wp\/v2\/posts\/69149","targetHints":{"allow":["GET"]}}],"collection":[{"href":"https:\/\/blogdomarcellopatriota.com.br\/blog\/wp-json\/wp\/v2\/posts"}],"about":[{"href":"https:\/\/blogdomarcellopatriota.com.br\/blog\/wp-json\/wp\/v2\/types\/post"}],"author":[{"embeddable":true,"href":"https:\/\/blogdomarcellopatriota.com.br\/blog\/wp-json\/wp\/v2\/users\/2"}],"replies":[{"embeddable":true,"href":"https:\/\/blogdomarcellopatriota.com.br\/blog\/wp-json\/wp\/v2\/comments?post=69149"}],"version-history":[{"count":1,"href":"https:\/\/blogdomarcellopatriota.com.br\/blog\/wp-json\/wp\/v2\/posts\/69149\/revisions"}],"predecessor-version":[{"id":69150,"href":"https:\/\/blogdomarcellopatriota.com.br\/blog\/wp-json\/wp\/v2\/posts\/69149\/revisions\/69150"}],"wp:attachment":[{"href":"https:\/\/blogdomarcellopatriota.com.br\/blog\/wp-json\/wp\/v2\/media?parent=69149"}],"wp:term":[{"taxonomy":"category","embeddable":true,"href":"https:\/\/blogdomarcellopatriota.com.br\/blog\/wp-json\/wp\/v2\/categories?post=69149"},{"taxonomy":"post_tag","embeddable":true,"href":"https:\/\/blogdomarcellopatriota.com.br\/blog\/wp-json\/wp\/v2\/tags?post=69149"}],"curies":[{"name":"wp","href":"https:\/\/api.w.org\/{rel}","templated":true}]}}