{"id":69151,"date":"2023-02-16T02:50:37","date_gmt":"2023-02-16T05:50:37","guid":{"rendered":"https:\/\/blogdomarcellopatriota.com.br\/blog\/?p=69151"},"modified":"2023-02-15T21:51:06","modified_gmt":"2023-02-16T00:51:06","slug":"prefeito-e-secretaria-participaram-da-aula-inaugural-do-cursinho-comunitario-de-sjegito","status":"publish","type":"post","link":"https:\/\/blogdomarcellopatriota.com.br\/blog\/prefeito-e-secretaria-participaram-da-aula-inaugural-do-cursinho-comunitario-de-sjegito\/","title":{"rendered":"Prefeito e secret\u00e1ria participaram da aula inaugural do Cursinho Comunit\u00e1rio de SJEgito"},"content":{"rendered":"<div class=\"thumbnail\"><img fetchpriority=\"high\" decoding=\"async\" class=\"attachment-full  wp-post-image lazyloaded alignleft\" src=\"https:\/\/blogdoerbi.com.br\/wp-content\/uploads\/2023\/02\/gzfghfdhf.jpg\" sizes=\"(max-width: 750px) 100vw, 750px\" srcset=\"https:\/\/blogdoerbi.com.br\/wp-content\/uploads\/2023\/02\/gzfghfdhf.jpg 750w, https:\/\/blogdoerbi.com.br\/wp-content\/uploads\/2023\/02\/gzfghfdhf-300x200.jpg 300w, https:\/\/blogdoerbi.com.br\/wp-content\/uploads\/2023\/02\/gzfghfdhf-400x267.jpg 400w\" alt=\"Read more about the article Prefeito e secret\u00e1ria participaram da aula inaugural do Cursinho Comunit\u00e1rio de S\u00e3o Jos\u00e9 do Egito\" width=\"437\" height=\"291\" data-srcset=\"https:\/\/blogdoerbi.com.br\/wp-content\/uploads\/2023\/02\/gzfghfdhf.jpg 750w, https:\/\/blogdoerbi.com.br\/wp-content\/uploads\/2023\/02\/gzfghfdhf-300x200.jpg 300w, https:\/\/blogdoerbi.com.br\/wp-content\/uploads\/2023\/02\/gzfghfdhf-400x267.jpg 400w\" data-src=\"https:\/\/blogdoerbi.com.br\/wp-content\/uploads\/2023\/02\/gzfghfdhf.jpg\" data-sizes=\"(max-width: 750px) 100vw, 750px\" \/>O prefeito em exerc\u00edcio Dr. Ecl\u00e9riston Ramos e a secret\u00e1ria de assist\u00eancia social Isabelle Valadares participaram, na noite dessa ter\u00e7a (14), no audit\u00f3rio da Escola Nan\u00e1 Patriota, da aula inaugural da temporada 2023.1 do Cursinho Comunit\u00e1rio, ofertado pela Gest\u00e3o Municipal para as pessoas que pretendem se preparar para concursos p\u00fablicos.<\/div>\n<div class=\"blog-entry-summary clr\">\n<p>O cursinho vai oferecer aulas gratuitas durante 3 dias por semana, nas segundas, ter\u00e7as e quartas das seguintes disciplinas: L\u00edngua Portuguesa; Matem\u00e1tica; Racioc\u00ednio L\u00f3gico; Direito e Inform\u00e1tica.<\/p>\n<\/div>\n","protected":false},"excerpt":{"rendered":"<p>O prefeito em exerc&iacute;cio Dr. Ecl&eacute;riston Ramos e a secret&aacute;ria de assist&ecirc;ncia social Isabelle Valadares participaram, na noite dessa ter&ccedil;a (14), no audit&oacute;rio da Escola Nan&aacute; Patriota, da aula inaugural da temporada 2023.1 do Cursinho Comunit&aacute;rio, ofertado pela Gest&atilde;o Municipal para as pessoas que pretendem se preparar para concursos p&uacute;blicos. O cursinho vai oferecer aulas &#8230; <a title=\"Prefeito e secret\u00e1ria participaram da aula inaugural do Cursinho Comunit\u00e1rio de SJEgito\" class=\"read-more\" href=\"https:\/\/blogdomarcellopatriota.com.br\/blog\/prefeito-e-secretaria-participaram-da-aula-inaugural-do-cursinho-comunitario-de-sjegito\/\" aria-label=\"Read more about Prefeito e secret\u00e1ria participaram da aula inaugural do Cursinho Comunit\u00e1rio de SJEgito\">Ler mais<\/a><\/p>\n","protected":false},"author":2,"featured_media":0,"comment_status":"closed","ping_status":"closed","sticky":false,"template":"","format":"standard","meta":{"footnotes":""},"categories":[1],"tags":[],"class_list":["post-69151","post","type-post","status-publish","format-standard","hentry","category-sem-categoria"],"_links":{"self":[{"href":"https:\/\/blogdomarcellopatriota.com.br\/blog\/wp-json\/wp\/v2\/posts\/69151","targetHints":{"allow":["GET"]}}],"collection":[{"href":"https:\/\/blogdomarcellopatriota.com.br\/blog\/wp-json\/wp\/v2\/posts"}],"about":[{"href":"https:\/\/blogdomarcellopatriota.com.br\/blog\/wp-json\/wp\/v2\/types\/post"}],"author":[{"embeddable":true,"href":"https:\/\/blogdomarcellopatriota.com.br\/blog\/wp-json\/wp\/v2\/users\/2"}],"replies":[{"embeddable":true,"href":"https:\/\/blogdomarcellopatriota.com.br\/blog\/wp-json\/wp\/v2\/comments?post=69151"}],"version-history":[{"count":1,"href":"https:\/\/blogdomarcellopatriota.com.br\/blog\/wp-json\/wp\/v2\/posts\/69151\/revisions"}],"predecessor-version":[{"id":69152,"href":"https:\/\/blogdomarcellopatriota.com.br\/blog\/wp-json\/wp\/v2\/posts\/69151\/revisions\/69152"}],"wp:attachment":[{"href":"https:\/\/blogdomarcellopatriota.com.br\/blog\/wp-json\/wp\/v2\/media?parent=69151"}],"wp:term":[{"taxonomy":"category","embeddable":true,"href":"https:\/\/blogdomarcellopatriota.com.br\/blog\/wp-json\/wp\/v2\/categories?post=69151"},{"taxonomy":"post_tag","embeddable":true,"href":"https:\/\/blogdomarcellopatriota.com.br\/blog\/wp-json\/wp\/v2\/tags?post=69151"}],"curies":[{"name":"wp","href":"https:\/\/api.w.org\/{rel}","templated":true}]}}