{"id":69156,"date":"2023-02-16T10:06:13","date_gmt":"2023-02-16T13:06:13","guid":{"rendered":"https:\/\/blogdomarcellopatriota.com.br\/blog\/?p=69156"},"modified":"2023-02-16T10:06:13","modified_gmt":"2023-02-16T13:06:13","slug":"carta-de-ibitiranga-cobra-retomada-da-pe-380","status":"publish","type":"post","link":"https:\/\/blogdomarcellopatriota.com.br\/blog\/carta-de-ibitiranga-cobra-retomada-da-pe-380\/","title":{"rendered":"Carta de Ibitiranga cobra retomada da PE 380"},"content":{"rendered":"<p><img fetchpriority=\"high\" decoding=\"async\" class=\"alignleft wp-image-237498 jetpack-lazy-image jetpack-lazy-image--handled\" src=\"https:\/\/i1.wp.com\/nilljunior.com.br\/wp-content\/uploads\/2022\/08\/Screenshot_20220805-124124_WhatsApp.jpg?resize=400%2C246&amp;ssl=1\" sizes=\"(max-width: 400px) 100vw, 400px\" srcset=\"https:\/\/i1.wp.com\/nilljunior.com.br\/wp-content\/uploads\/2022\/08\/Screenshot_20220805-124124_WhatsApp.jpg?w=964&amp;ssl=1 964w, https:\/\/i1.wp.com\/nilljunior.com.br\/wp-content\/uploads\/2022\/08\/Screenshot_20220805-124124_WhatsApp.jpg?resize=300%2C184&amp;ssl=1 300w, https:\/\/i1.wp.com\/nilljunior.com.br\/wp-content\/uploads\/2022\/08\/Screenshot_20220805-124124_WhatsApp.jpg?resize=768%2C472&amp;ssl=1 768w, https:\/\/i1.wp.com\/nilljunior.com.br\/wp-content\/uploads\/2022\/08\/Screenshot_20220805-124124_WhatsApp.jpg?resize=600%2C368&amp;ssl=1 600w\" alt=\"\" width=\"400\" height=\"246\" data-attachment-id=\"237498\" data-permalink=\"https:\/\/nilljunior.com.br\/a-carta-de-ibitiranga\/screenshot_20220805-124124_whatsapp\/\" data-orig-file=\"https:\/\/i1.wp.com\/nilljunior.com.br\/wp-content\/uploads\/2022\/08\/Screenshot_20220805-124124_WhatsApp.jpg?fit=964%2C592&amp;ssl=1\" data-orig-size=\"964,592\" data-comments-opened=\"1\" data-image-meta=\"{&quot;aperture&quot;:&quot;0&quot;,&quot;credit&quot;:&quot;&quot;,&quot;camera&quot;:&quot;&quot;,&quot;caption&quot;:&quot;&quot;,&quot;created_timestamp&quot;:&quot;0&quot;,&quot;copyright&quot;:&quot;&quot;,&quot;focal_length&quot;:&quot;0&quot;,&quot;iso&quot;:&quot;0&quot;,&quot;shutter_speed&quot;:&quot;0&quot;,&quot;title&quot;:&quot;&quot;,&quot;orientation&quot;:&quot;0&quot;}\" data-image-title=\"Screenshot_20220805-124124_WhatsApp\" data-image-description=\"\" data-medium-file=\"https:\/\/i1.wp.com\/nilljunior.com.br\/wp-content\/uploads\/2022\/08\/Screenshot_20220805-124124_WhatsApp.jpg?fit=300%2C184&amp;ssl=1\" data-large-file=\"https:\/\/i1.wp.com\/nilljunior.com.br\/wp-content\/uploads\/2022\/08\/Screenshot_20220805-124124_WhatsApp.jpg?fit=600%2C368&amp;ssl=1\" data-recalc-dims=\"1\" data-lazy-loaded=\"1\" \/>A Festa de S\u00e3o Sebasti\u00e3o encerrada no fim de janeiro em Ibitiranga tamb\u00e9m foi marcada pela leitura pelo Padre Luiz Marques Siqueira de uma carta cobrando a retomada das obras da PE 380.<\/p>\n<p>Chamada de estrada de Ibitiranga, a obra teve gargalos com o governo Paulo C\u00e2mara e n\u00e3o cumpriu seu cronograma.<\/p>\n<p>J\u00e1 a gest\u00e3o Raquel Lyra determinou a interrup\u00e7\u00e3o da obra, dentro do pacote que visa reavaliar contratos e ver quais s\u00e3o os projetos priorit\u00e1rios para o governo. A carta foi lida pelo Padre Luizinho:<\/p>\n<p><em>Atentos e com Esperan\u00e7a!<\/em><\/p>\n<p><em>Em um grande ato p\u00fablico no dia 05 de agosto de 2021, tendo \u00e0 frente o Governador de Pernambuco, o Sr. Paulo C\u00e2mara, acompanhado de deputados federeis e estaduais, prefeitos, secret\u00e1rios de Estado, vereadores, lideran\u00e7as pol\u00edticas, comunit\u00e1rias e religiosas de toda a regi\u00e3o, foi lan\u00e7ada uma boa not\u00edcia: a Ordem de Servi\u00e7o para a constru\u00e7\u00e3o da estrada que liga Afogados da Ingazeira, ao distrito de Ibitiranga, indo at\u00e9 \u00e0 Para\u00edba. Grande sonho dessa popula\u00e7\u00e3o!<\/em><\/p>\n<p><em>Passado mais de um ano, com a retomada das obras, embora de forma lenta, mas com alguns avan\u00e7os, foi renovada a esperan\u00e7a de termos pronta a estrada. Houve o per\u00edodo eleitoral e a mudan\u00e7a de governo, sendo agora assumido pela Sra. Raquel Lira, eleita como governadora do nosso estado.<\/em><\/p>\n<p><em>Recentemente, recebemos com muita tristeza a not\u00edcia de que os trabalhos na obra seriam interrompidos e retiradas as m\u00e1quinas. Essa atitude do atual governo causou indigna\u00e7\u00e3o na popula\u00e7\u00e3o, pois n\u00e3o se entende o real motivo da paraliza\u00e7\u00e3o de uma obra com o andamento avan\u00e7ado e como s\u00e3o firmados esses contratos entre governo e empresas.<\/em><\/p>\n<p><em>A imagem que fica \u00e9 a de desperd\u00edcio do dinheiro p\u00fablico e da velha guerra entre governos opositores, que com obras eleitoreiras, n\u00e3o d\u00e3o prioridade ao bem estar do povo.<\/em><\/p>\n<p><em>Continuamos na esperan\u00e7a de que o governo do estado retome a obra, ao mesmo tempo em que pedimos o apoio das lideran\u00e7as pol\u00edticas de nossa regi\u00e3o, no sentido de cobrar a continuidade dos trabalhos.<\/em><\/p>\n<p><strong>Carta assinada por lideran\u00e7as religiosas e civis da comunidade<\/strong><\/p>\n","protected":false},"excerpt":{"rendered":"<p>A Festa de S&atilde;o Sebasti&atilde;o encerrada no fim de janeiro em Ibitiranga tamb&eacute;m foi marcada pela leitura pelo Padre Luiz Marques Siqueira de uma carta cobrando a retomada das obras da PE 380. Chamada de estrada de Ibitiranga, a obra teve gargalos com o governo Paulo C&acirc;mara e n&atilde;o cumpriu seu cronograma. J&aacute; a gest&atilde;o &#8230; <a title=\"Carta de Ibitiranga cobra retomada da PE 380\" class=\"read-more\" href=\"https:\/\/blogdomarcellopatriota.com.br\/blog\/carta-de-ibitiranga-cobra-retomada-da-pe-380\/\" aria-label=\"Read more about Carta de Ibitiranga cobra retomada da PE 380\">Ler mais<\/a><\/p>\n","protected":false},"author":2,"featured_media":0,"comment_status":"closed","ping_status":"closed","sticky":false,"template":"","format":"standard","meta":{"footnotes":""},"categories":[1],"tags":[],"class_list":["post-69156","post","type-post","status-publish","format-standard","hentry","category-sem-categoria"],"_links":{"self":[{"href":"https:\/\/blogdomarcellopatriota.com.br\/blog\/wp-json\/wp\/v2\/posts\/69156","targetHints":{"allow":["GET"]}}],"collection":[{"href":"https:\/\/blogdomarcellopatriota.com.br\/blog\/wp-json\/wp\/v2\/posts"}],"about":[{"href":"https:\/\/blogdomarcellopatriota.com.br\/blog\/wp-json\/wp\/v2\/types\/post"}],"author":[{"embeddable":true,"href":"https:\/\/blogdomarcellopatriota.com.br\/blog\/wp-json\/wp\/v2\/users\/2"}],"replies":[{"embeddable":true,"href":"https:\/\/blogdomarcellopatriota.com.br\/blog\/wp-json\/wp\/v2\/comments?post=69156"}],"version-history":[{"count":1,"href":"https:\/\/blogdomarcellopatriota.com.br\/blog\/wp-json\/wp\/v2\/posts\/69156\/revisions"}],"predecessor-version":[{"id":69157,"href":"https:\/\/blogdomarcellopatriota.com.br\/blog\/wp-json\/wp\/v2\/posts\/69156\/revisions\/69157"}],"wp:attachment":[{"href":"https:\/\/blogdomarcellopatriota.com.br\/blog\/wp-json\/wp\/v2\/media?parent=69156"}],"wp:term":[{"taxonomy":"category","embeddable":true,"href":"https:\/\/blogdomarcellopatriota.com.br\/blog\/wp-json\/wp\/v2\/categories?post=69156"},{"taxonomy":"post_tag","embeddable":true,"href":"https:\/\/blogdomarcellopatriota.com.br\/blog\/wp-json\/wp\/v2\/tags?post=69156"}],"curies":[{"name":"wp","href":"https:\/\/api.w.org\/{rel}","templated":true}]}}