{"id":69158,"date":"2023-02-16T10:06:42","date_gmt":"2023-02-16T13:06:42","guid":{"rendered":"https:\/\/blogdomarcellopatriota.com.br\/blog\/?p=69158"},"modified":"2023-02-16T10:06:42","modified_gmt":"2023-02-16T13:06:42","slug":"alessandro-palmeira-foi-a-brasilia-em-busca-de-recursos-para-afogados","status":"publish","type":"post","link":"https:\/\/blogdomarcellopatriota.com.br\/blog\/alessandro-palmeira-foi-a-brasilia-em-busca-de-recursos-para-afogados\/","title":{"rendered":"Alessandro Palmeira foi a Bras\u00edlia em busca de recursos para Afogados"},"content":{"rendered":"<p><img fetchpriority=\"high\" decoding=\"async\" class=\"alignleft wp-image-251974 jetpack-lazy-image jetpack-lazy-image--handled\" src=\"https:\/\/i1.wp.com\/nilljunior.com.br\/wp-content\/uploads\/2023\/02\/AlessandroPalmeira-PedroCampos-HumbertoCosta.jpeg?resize=400%2C400&amp;ssl=1\" sizes=\"(max-width: 400px) 100vw, 400px\" srcset=\"https:\/\/i1.wp.com\/nilljunior.com.br\/wp-content\/uploads\/2023\/02\/AlessandroPalmeira-PedroCampos-HumbertoCosta.jpeg?w=1024&amp;ssl=1 1024w, https:\/\/i1.wp.com\/nilljunior.com.br\/wp-content\/uploads\/2023\/02\/AlessandroPalmeira-PedroCampos-HumbertoCosta.jpeg?resize=250%2C250&amp;ssl=1 250w, https:\/\/i1.wp.com\/nilljunior.com.br\/wp-content\/uploads\/2023\/02\/AlessandroPalmeira-PedroCampos-HumbertoCosta.jpeg?resize=768%2C768&amp;ssl=1 768w, https:\/\/i1.wp.com\/nilljunior.com.br\/wp-content\/uploads\/2023\/02\/AlessandroPalmeira-PedroCampos-HumbertoCosta.jpeg?resize=400%2C400&amp;ssl=1 400w\" alt=\"\" width=\"400\" height=\"400\" data-attachment-id=\"251974\" data-permalink=\"https:\/\/nilljunior.com.br\/alessandro-palmeira-foi-a-brasilia-em-busca-de-recursos-para-afogados\/alessandropalmeira-pedrocampos-humbertocosta\/\" data-orig-file=\"https:\/\/i1.wp.com\/nilljunior.com.br\/wp-content\/uploads\/2023\/02\/AlessandroPalmeira-PedroCampos-HumbertoCosta.jpeg?fit=1024%2C1024&amp;ssl=1\" data-orig-size=\"1024,1024\" data-comments-opened=\"1\" data-image-meta=\"{&quot;aperture&quot;:&quot;0&quot;,&quot;credit&quot;:&quot;&quot;,&quot;camera&quot;:&quot;&quot;,&quot;caption&quot;:&quot;&quot;,&quot;created_timestamp&quot;:&quot;0&quot;,&quot;copyright&quot;:&quot;&quot;,&quot;focal_length&quot;:&quot;0&quot;,&quot;iso&quot;:&quot;0&quot;,&quot;shutter_speed&quot;:&quot;0&quot;,&quot;title&quot;:&quot;&quot;,&quot;orientation&quot;:&quot;0&quot;}\" data-image-title=\"AlessandroPalmeira-PedroCampos-HumbertoCosta\" data-image-description=\"\" data-medium-file=\"https:\/\/i1.wp.com\/nilljunior.com.br\/wp-content\/uploads\/2023\/02\/AlessandroPalmeira-PedroCampos-HumbertoCosta.jpeg?fit=250%2C250&amp;ssl=1\" data-large-file=\"https:\/\/i1.wp.com\/nilljunior.com.br\/wp-content\/uploads\/2023\/02\/AlessandroPalmeira-PedroCampos-HumbertoCosta.jpeg?fit=400%2C400&amp;ssl=1\" data-recalc-dims=\"1\" data-lazy-loaded=\"1\" \/>O prefeito de Afogados da Ingazeira, Alessandro Palmeira (PSB), esteve em Bras\u00edlia esta semana em busca de recursos e emendas para o munic\u00edpio.<\/p>\n<p>Ele participou de reuni\u00f5es com o deputado federal Pedro Campos (PSB), majorit\u00e1rio em Afogados, e com o senador Humberto Costa. Na pauta, a destina\u00e7\u00e3o de emendas parlamentares para a constru\u00e7\u00e3o da ponte sobre o Rio Paje\u00fa, ligando os bairros S\u00e3o Francisco e S\u00e3o Crist\u00f3v\u00e3o, al\u00e9m de recursos para novas pavimenta\u00e7\u00f5es nos bairros de Afogados.<\/p>\n<p>Palmeira tamb\u00e9m esteve no Fundo Nacional de Desenvolvimento da Educa\u00e7\u00e3o, dialogando sobre as obras de constru\u00e7\u00e3o da nova Escola Dom Mota, e para a reforma e amplia\u00e7\u00e3o da Escola Geraldo Cipriano, no bairro S\u00e3o Francisco.<\/p>\n<p>\u201cTive uma agenda bastante produtiva e estou esperan\u00e7oso que, com a nova orienta\u00e7\u00e3o dada ao Governo Federal, pelo presidente Lula, e com o apoio de Pedro Campos e Humberto Costa, vamos conseguir mais recursos para investimentos e obras em Afogados, beneficiando a nossa popula\u00e7\u00e3o,\u201d avaliou Sandrinho.<\/p>\n<p>O Prefeito desembarcou nesta quarta-feira (15) no Recife, de onde pegou a estrada de volta a Afogados, onde no final da tarde participou de uma inaugura\u00e7\u00e3o conjunta com o Prefeito de Carna\u00edba, Anchieta Patriota.<\/p>\n","protected":false},"excerpt":{"rendered":"<p>O prefeito de Afogados da Ingazeira, Alessandro Palmeira (PSB), esteve em Bras&iacute;lia esta semana em busca de recursos e emendas para o munic&iacute;pio. Ele participou de reuni&otilde;es com o deputado federal Pedro Campos (PSB), majorit&aacute;rio em Afogados, e com o senador Humberto Costa. Na pauta, a destina&ccedil;&atilde;o de emendas parlamentares para a constru&ccedil;&atilde;o da ponte &#8230; <a title=\"Alessandro Palmeira foi a Bras\u00edlia em busca de recursos para Afogados\" class=\"read-more\" href=\"https:\/\/blogdomarcellopatriota.com.br\/blog\/alessandro-palmeira-foi-a-brasilia-em-busca-de-recursos-para-afogados\/\" aria-label=\"Read more about Alessandro Palmeira foi a Bras\u00edlia em busca de recursos para Afogados\">Ler mais<\/a><\/p>\n","protected":false},"author":2,"featured_media":0,"comment_status":"closed","ping_status":"closed","sticky":false,"template":"","format":"standard","meta":{"footnotes":""},"categories":[1],"tags":[],"class_list":["post-69158","post","type-post","status-publish","format-standard","hentry","category-sem-categoria"],"_links":{"self":[{"href":"https:\/\/blogdomarcellopatriota.com.br\/blog\/wp-json\/wp\/v2\/posts\/69158","targetHints":{"allow":["GET"]}}],"collection":[{"href":"https:\/\/blogdomarcellopatriota.com.br\/blog\/wp-json\/wp\/v2\/posts"}],"about":[{"href":"https:\/\/blogdomarcellopatriota.com.br\/blog\/wp-json\/wp\/v2\/types\/post"}],"author":[{"embeddable":true,"href":"https:\/\/blogdomarcellopatriota.com.br\/blog\/wp-json\/wp\/v2\/users\/2"}],"replies":[{"embeddable":true,"href":"https:\/\/blogdomarcellopatriota.com.br\/blog\/wp-json\/wp\/v2\/comments?post=69158"}],"version-history":[{"count":1,"href":"https:\/\/blogdomarcellopatriota.com.br\/blog\/wp-json\/wp\/v2\/posts\/69158\/revisions"}],"predecessor-version":[{"id":69159,"href":"https:\/\/blogdomarcellopatriota.com.br\/blog\/wp-json\/wp\/v2\/posts\/69158\/revisions\/69159"}],"wp:attachment":[{"href":"https:\/\/blogdomarcellopatriota.com.br\/blog\/wp-json\/wp\/v2\/media?parent=69158"}],"wp:term":[{"taxonomy":"category","embeddable":true,"href":"https:\/\/blogdomarcellopatriota.com.br\/blog\/wp-json\/wp\/v2\/categories?post=69158"},{"taxonomy":"post_tag","embeddable":true,"href":"https:\/\/blogdomarcellopatriota.com.br\/blog\/wp-json\/wp\/v2\/tags?post=69158"}],"curies":[{"name":"wp","href":"https:\/\/api.w.org\/{rel}","templated":true}]}}