{"id":69162,"date":"2023-02-17T00:11:18","date_gmt":"2023-02-17T03:11:18","guid":{"rendered":"https:\/\/blogdomarcellopatriota.com.br\/blog\/?p=69162"},"modified":"2023-02-16T10:13:28","modified_gmt":"2023-02-16T13:13:28","slug":"internet-gratuita-nas-racas-de-itapetim","status":"publish","type":"post","link":"https:\/\/blogdomarcellopatriota.com.br\/blog\/internet-gratuita-nas-racas-de-itapetim\/","title":{"rendered":"Internet gratuita nas ra\u00e7as de Itapetim"},"content":{"rendered":"<p><img fetchpriority=\"high\" decoding=\"async\" class=\"alignleft wp-image-251957 jetpack-lazy-image jetpack-lazy-image--handled\" src=\"https:\/\/i1.wp.com\/nilljunior.com.br\/wp-content\/uploads\/2023\/02\/Itapetim-Praca-Conectada.jpeg?resize=400%2C261&amp;ssl=1\" sizes=\"(max-width: 400px) 100vw, 400px\" srcset=\"https:\/\/i1.wp.com\/nilljunior.com.br\/wp-content\/uploads\/2023\/02\/Itapetim-Praca-Conectada.jpeg?w=828&amp;ssl=1 828w, https:\/\/i1.wp.com\/nilljunior.com.br\/wp-content\/uploads\/2023\/02\/Itapetim-Praca-Conectada.jpeg?resize=300%2C196&amp;ssl=1 300w, https:\/\/i1.wp.com\/nilljunior.com.br\/wp-content\/uploads\/2023\/02\/Itapetim-Praca-Conectada.jpeg?resize=768%2C501&amp;ssl=1 768w, https:\/\/i1.wp.com\/nilljunior.com.br\/wp-content\/uploads\/2023\/02\/Itapetim-Praca-Conectada.jpeg?resize=600%2C391&amp;ssl=1 600w\" alt=\"\" width=\"400\" height=\"261\" data-attachment-id=\"251957\" data-permalink=\"https:\/\/nilljunior.com.br\/pracas-de-itapetim-passarao-a-contar-com-internet-gratuita\/itapetim-praca-conectada\/\" data-orig-file=\"https:\/\/i1.wp.com\/nilljunior.com.br\/wp-content\/uploads\/2023\/02\/Itapetim-Praca-Conectada.jpeg?fit=828%2C540&amp;ssl=1\" data-orig-size=\"828,540\" data-comments-opened=\"1\" data-image-meta=\"{&quot;aperture&quot;:&quot;0&quot;,&quot;credit&quot;:&quot;&quot;,&quot;camera&quot;:&quot;&quot;,&quot;caption&quot;:&quot;&quot;,&quot;created_timestamp&quot;:&quot;0&quot;,&quot;copyright&quot;:&quot;&quot;,&quot;focal_length&quot;:&quot;0&quot;,&quot;iso&quot;:&quot;0&quot;,&quot;shutter_speed&quot;:&quot;0&quot;,&quot;title&quot;:&quot;&quot;,&quot;orientation&quot;:&quot;0&quot;}\" data-image-title=\"Itapetim-Praca-Conectada\" data-image-description=\"\" data-medium-file=\"https:\/\/i1.wp.com\/nilljunior.com.br\/wp-content\/uploads\/2023\/02\/Itapetim-Praca-Conectada.jpeg?fit=300%2C196&amp;ssl=1\" data-large-file=\"https:\/\/i1.wp.com\/nilljunior.com.br\/wp-content\/uploads\/2023\/02\/Itapetim-Praca-Conectada.jpeg?fit=600%2C391&amp;ssl=1\" data-recalc-dims=\"1\" data-lazy-loaded=\"1\" \/>O Governo Municipal de Itapetim lan\u00e7ou, atrav\u00e9s da Secretaria de Cultura, Esportes e Turismo, o programa \u201cPra\u00e7as Conectadas\u201d, que tem como objetivo disponibilizar internet gratuita nas pra\u00e7as Padre Jo\u00e3o Leite, Rogaciano Leite e Sim\u00e3o Leite, no Centro da cidade.<\/p>\n<p>O projeto, que ser\u00e1 implantado a partir de mar\u00e7o, \u00e9 uma parceria entre prefeitura, Secretaria de Cultura, e as empresas Sert\u00e3o Online e R3 Telecom.<\/p>\n<p>\u201cOs locais, que j\u00e1 contam com ilumina\u00e7\u00e3o em led, agora v\u00e3o ficar ainda mais atrativos para a popula\u00e7\u00e3o e os turistas que visitam nossa cidade\u201d, destacou o prefeito Adelmo Moura, que esteve ao lado do secret\u00e1rio de Cultura, Ailson Alves, e dos empres\u00e1rios Lenelson Pianc\u00f3 e R\u00e1gner Jos\u00e9, fechando a parceria.<\/p>\n","protected":false},"excerpt":{"rendered":"<p>O Governo Municipal de Itapetim lan&ccedil;ou, atrav&eacute;s da Secretaria de Cultura, Esportes e Turismo, o programa &ldquo;Pra&ccedil;as Conectadas&rdquo;, que tem como objetivo disponibilizar internet gratuita nas pra&ccedil;as Padre Jo&atilde;o Leite, Rogaciano Leite e Sim&atilde;o Leite, no Centro da cidade. O projeto, que ser&aacute; implantado a partir de mar&ccedil;o, &eacute; uma parceria entre prefeitura, Secretaria de &#8230; <a title=\"Internet gratuita nas ra\u00e7as de Itapetim\" class=\"read-more\" href=\"https:\/\/blogdomarcellopatriota.com.br\/blog\/internet-gratuita-nas-racas-de-itapetim\/\" aria-label=\"Read more about Internet gratuita nas ra\u00e7as de Itapetim\">Ler mais<\/a><\/p>\n","protected":false},"author":2,"featured_media":0,"comment_status":"closed","ping_status":"closed","sticky":false,"template":"","format":"standard","meta":{"footnotes":""},"categories":[1],"tags":[],"class_list":["post-69162","post","type-post","status-publish","format-standard","hentry","category-sem-categoria"],"_links":{"self":[{"href":"https:\/\/blogdomarcellopatriota.com.br\/blog\/wp-json\/wp\/v2\/posts\/69162","targetHints":{"allow":["GET"]}}],"collection":[{"href":"https:\/\/blogdomarcellopatriota.com.br\/blog\/wp-json\/wp\/v2\/posts"}],"about":[{"href":"https:\/\/blogdomarcellopatriota.com.br\/blog\/wp-json\/wp\/v2\/types\/post"}],"author":[{"embeddable":true,"href":"https:\/\/blogdomarcellopatriota.com.br\/blog\/wp-json\/wp\/v2\/users\/2"}],"replies":[{"embeddable":true,"href":"https:\/\/blogdomarcellopatriota.com.br\/blog\/wp-json\/wp\/v2\/comments?post=69162"}],"version-history":[{"count":1,"href":"https:\/\/blogdomarcellopatriota.com.br\/blog\/wp-json\/wp\/v2\/posts\/69162\/revisions"}],"predecessor-version":[{"id":69163,"href":"https:\/\/blogdomarcellopatriota.com.br\/blog\/wp-json\/wp\/v2\/posts\/69162\/revisions\/69163"}],"wp:attachment":[{"href":"https:\/\/blogdomarcellopatriota.com.br\/blog\/wp-json\/wp\/v2\/media?parent=69162"}],"wp:term":[{"taxonomy":"category","embeddable":true,"href":"https:\/\/blogdomarcellopatriota.com.br\/blog\/wp-json\/wp\/v2\/categories?post=69162"},{"taxonomy":"post_tag","embeddable":true,"href":"https:\/\/blogdomarcellopatriota.com.br\/blog\/wp-json\/wp\/v2\/tags?post=69162"}],"curies":[{"name":"wp","href":"https:\/\/api.w.org\/{rel}","templated":true}]}}