{"id":69164,"date":"2023-02-16T00:09:38","date_gmt":"2023-02-16T03:09:38","guid":{"rendered":"https:\/\/blogdomarcellopatriota.com.br\/blog\/?p=69164"},"modified":"2023-02-17T08:51:46","modified_gmt":"2023-02-17T11:51:46","slug":"giro-pelos-blogs-sexta-feira-16-02-2023","status":"publish","type":"post","link":"https:\/\/blogdomarcellopatriota.com.br\/blog\/giro-pelos-blogs-sexta-feira-16-02-2023\/","title":{"rendered":"| | | | \u2013 Giro pelos Blog\u2019S quinta-feira (16\/02\/2023) \u2013 | | | |"},"content":{"rendered":"<p><span style=\"font-size: 36pt;\"><em>blog do FinFa<\/em><\/span><\/p>\n<p><strong><img fetchpriority=\"high\" decoding=\"async\" class=\"aligncenter size-full wp-image-232375 jetpack-lazy-image jetpack-lazy-image--handled\" src=\"https:\/\/blogdofinfa.com.br\/wp-content\/uploads\/2023\/02\/329248387_1340500030136351_3833397522549393441_n.jpg\" sizes=\"(max-width: 526px) 100vw, 526px\" srcset=\"https:\/\/blogdofinfa.com.br\/wp-content\/uploads\/2023\/02\/329248387_1340500030136351_3833397522549393441_n.jpg 526w, https:\/\/blogdofinfa.com.br\/wp-content\/uploads\/2023\/02\/329248387_1340500030136351_3833397522549393441_n-300x300.jpg 300w, https:\/\/blogdofinfa.com.br\/wp-content\/uploads\/2023\/02\/329248387_1340500030136351_3833397522549393441_n-150x150.jpg 150w, https:\/\/blogdofinfa.com.br\/wp-content\/uploads\/2023\/02\/329248387_1340500030136351_3833397522549393441_n-200x200.jpg 200w, https:\/\/blogdofinfa.com.br\/wp-content\/uploads\/2023\/02\/329248387_1340500030136351_3833397522549393441_n-24x24.jpg 24w, https:\/\/blogdofinfa.com.br\/wp-content\/uploads\/2023\/02\/329248387_1340500030136351_3833397522549393441_n-36x36.jpg 36w, https:\/\/blogdofinfa.com.br\/wp-content\/uploads\/2023\/02\/329248387_1340500030136351_3833397522549393441_n-48x48.jpg 48w\" alt=\"\" width=\"526\" height=\"526\" data-attachment-id=\"232375\" data-permalink=\"https:\/\/blogdofinfa.com.br\/2023\/02\/coluna-do-finfa-1979.html\/329248387_1340500030136351_3833397522549393441_n\" data-orig-file=\"https:\/\/blogdofinfa.com.br\/wp-content\/uploads\/2023\/02\/329248387_1340500030136351_3833397522549393441_n.jpg\" data-orig-size=\"526,526\" data-comments-opened=\"1\" data-image-meta=\"{&quot;aperture&quot;:&quot;0&quot;,&quot;credit&quot;:&quot;&quot;,&quot;camera&quot;:&quot;&quot;,&quot;caption&quot;:&quot;&quot;,&quot;created_timestamp&quot;:&quot;0&quot;,&quot;copyright&quot;:&quot;&quot;,&quot;focal_length&quot;:&quot;0&quot;,&quot;iso&quot;:&quot;0&quot;,&quot;shutter_speed&quot;:&quot;0&quot;,&quot;title&quot;:&quot;&quot;,&quot;orientation&quot;:&quot;0&quot;}\" data-image-title=\"329248387_1340500030136351_3833397522549393441_n\" data-image-description=\"\" data-image-caption=\"\" data-medium-file=\"https:\/\/blogdofinfa.com.br\/wp-content\/uploads\/2023\/02\/329248387_1340500030136351_3833397522549393441_n-300x300.jpg\" data-large-file=\"https:\/\/blogdofinfa.com.br\/wp-content\/uploads\/2023\/02\/329248387_1340500030136351_3833397522549393441_n.jpg\" data-lazy-loaded=\"1\" \/>Audi\u00eancia P\u00fablica<\/strong>\u00a0\u2013 O Governo Municipal de Flores, realiza nesta quinta-feia (16), \u00e0s 9 horas, na C\u00e2mara de Vereadores, Audi\u00eancia P\u00fablica para demonstrar, avaliar e apresentar as a\u00e7\u00f5es e servi\u00e7os da sa\u00fade, referentes ao terceiro quadrimestre do exerc\u00edcio de 2022<em>.\u201dMais uma a\u00e7\u00e3o do nosso governo na busca que a popula\u00e7\u00e3o tome conhecimento de como estamos aplicando os recursos p\u00fablicos e de que maneira estamos trabalhando na preven\u00e7\u00e3o e promo\u00e7\u00e3o em sa\u00fade. Convido todos os floresnses para se fazerem presente\u201d,<\/em>\u00a0disse o prefeito Marconi.<img decoding=\"async\" class=\"aligncenter size-full wp-image-232377 jetpack-lazy-image jetpack-lazy-image--handled\" src=\"https:\/\/blogdofinfa.com.br\/wp-content\/uploads\/2023\/02\/adelmo-6.png\" sizes=\"(max-width: 394px) 100vw, 394px\" srcset=\"https:\/\/blogdofinfa.com.br\/wp-content\/uploads\/2023\/02\/adelmo-6.png 394w, https:\/\/blogdofinfa.com.br\/wp-content\/uploads\/2023\/02\/adelmo-6-244x300.png 244w, https:\/\/blogdofinfa.com.br\/wp-content\/uploads\/2023\/02\/adelmo-6-200x246.png 200w, https:\/\/blogdofinfa.com.br\/wp-content\/uploads\/2023\/02\/adelmo-6-20x24.png 20w, https:\/\/blogdofinfa.com.br\/wp-content\/uploads\/2023\/02\/adelmo-6-29x36.png 29w, https:\/\/blogdofinfa.com.br\/wp-content\/uploads\/2023\/02\/adelmo-6-39x48.png 39w\" alt=\"\" width=\"394\" height=\"484\" data-attachment-id=\"232377\" data-permalink=\"https:\/\/blogdofinfa.com.br\/2023\/02\/coluna-do-finfa-1979.html\/adelmo-288\" data-orig-file=\"https:\/\/blogdofinfa.com.br\/wp-content\/uploads\/2023\/02\/adelmo-6.png\" data-orig-size=\"394,484\" data-comments-opened=\"1\" data-image-meta=\"{&quot;aperture&quot;:&quot;0&quot;,&quot;credit&quot;:&quot;&quot;,&quot;camera&quot;:&quot;&quot;,&quot;caption&quot;:&quot;&quot;,&quot;created_timestamp&quot;:&quot;0&quot;,&quot;copyright&quot;:&quot;&quot;,&quot;focal_length&quot;:&quot;0&quot;,&quot;iso&quot;:&quot;0&quot;,&quot;shutter_speed&quot;:&quot;0&quot;,&quot;title&quot;:&quot;&quot;,&quot;orientation&quot;:&quot;0&quot;}\" data-image-title=\"adelmo\" data-image-description=\"\" data-image-caption=\"\" data-medium-file=\"https:\/\/blogdofinfa.com.br\/wp-content\/uploads\/2023\/02\/adelmo-6-244x300.png\" data-large-file=\"https:\/\/blogdofinfa.com.br\/wp-content\/uploads\/2023\/02\/adelmo-6.png\" data-lazy-loaded=\"1\" \/><\/p>\n<p><strong>Presente<\/strong>\u00a0\u2013 O prefeito de Itapetim, Adelmo Moura, fez quest\u00e3o de participar ontem (15), da primeira Sess\u00e3o Ordin\u00e1ria da Casa Jos\u00e9 Jord\u00e3o Neto<em>. \u201cFizemos uma presta\u00e7\u00e3o de contas das a\u00e7\u00f5es j\u00e1 implementadas em nosso munic\u00edpio e falamos das expectativas para este ano, que ser\u00e1 de muito trabalho. Agrade\u00e7o a todos os parlamentares pela parceria e o apoio nos projetos em prol do povo de Itapetim. Vamos continuar unidos trabalhando para fazer do nosso munic\u00edpio um lugar cada vez melhor\u201d.<\/em>\u00a0Pontuou o prefeito.<\/p>\n<p><strong><img decoding=\"async\" class=\"alignleft size-medium wp-image-232378 jetpack-lazy-image jetpack-lazy-image--handled\" src=\"https:\/\/blogdofinfa.com.br\/wp-content\/uploads\/2023\/02\/Celia-Galindo-13-02-23-300x172.webp\" sizes=\"(max-width: 300px) 100vw, 300px\" srcset=\"https:\/\/blogdofinfa.com.br\/wp-content\/uploads\/2023\/02\/Celia-Galindo-13-02-23-300x172.webp 300w, https:\/\/blogdofinfa.com.br\/wp-content\/uploads\/2023\/02\/Celia-Galindo-13-02-23-200x114.webp 200w, https:\/\/blogdofinfa.com.br\/wp-content\/uploads\/2023\/02\/Celia-Galindo-13-02-23-24x14.webp 24w, https:\/\/blogdofinfa.com.br\/wp-content\/uploads\/2023\/02\/Celia-Galindo-13-02-23-36x21.webp 36w, https:\/\/blogdofinfa.com.br\/wp-content\/uploads\/2023\/02\/Celia-Galindo-13-02-23-48x27.webp 48w, https:\/\/blogdofinfa.com.br\/wp-content\/uploads\/2023\/02\/Celia-Galindo-13-02-23.webp 600w\" alt=\"\" width=\"300\" height=\"172\" data-attachment-id=\"232378\" data-permalink=\"https:\/\/blogdofinfa.com.br\/2023\/02\/coluna-do-finfa-1979.html\/celia-galindo-13-02-23\" data-orig-file=\"https:\/\/blogdofinfa.com.br\/wp-content\/uploads\/2023\/02\/Celia-Galindo-13-02-23.webp\" data-orig-size=\"600,343\" data-comments-opened=\"1\" data-image-meta=\"{&quot;aperture&quot;:&quot;0&quot;,&quot;credit&quot;:&quot;&quot;,&quot;camera&quot;:&quot;&quot;,&quot;caption&quot;:&quot;&quot;,&quot;created_timestamp&quot;:&quot;0&quot;,&quot;copyright&quot;:&quot;&quot;,&quot;focal_length&quot;:&quot;0&quot;,&quot;iso&quot;:&quot;0&quot;,&quot;shutter_speed&quot;:&quot;0&quot;,&quot;title&quot;:&quot;&quot;,&quot;orientation&quot;:&quot;0&quot;}\" data-image-title=\"Celia-Galindo-13-02-23\" data-image-description=\"\" data-image-caption=\"\" data-medium-file=\"https:\/\/blogdofinfa.com.br\/wp-content\/uploads\/2023\/02\/Celia-Galindo-13-02-23-300x172.webp\" data-large-file=\"https:\/\/blogdofinfa.com.br\/wp-content\/uploads\/2023\/02\/Celia-Galindo-13-02-23.webp\" data-lazy-loaded=\"1\" \/>Denunciou<\/strong>\u00a0\u2013 A vereadora C\u00e9lia Galindo denunciou em nota ao blog do Nill J\u00fanior, que centenas de agricultores de Arcoverde perderam o Garantia Safra mesmo depois de pagarem.Alega que a culpa foi do prefeito Wellington Maciel.<em>\u00a0\u201cMesmo depois dos agricultores pagarem seus boletos, e at\u00e9 mesmo a prefeitura gastar com a contrapartida, o governo que \u00e9 o pior de nossa hist\u00f3ria, conseguiu a proeza de enviar um laudo errado ao Minist\u00e9rio da Agricultura e com isso, perder o Garantia Safra 2021\/2022\u201d,\u00a0<\/em>disse a parlamentar.<img loading=\"lazy\" decoding=\"async\" class=\"aligncenter size-large wp-image-232376 jetpack-lazy-image jetpack-lazy-image--handled\" src=\"https:\/\/blogdofinfa.com.br\/wp-content\/uploads\/2023\/02\/331110099_767966798080428_1367878240286205750_n-1-480x600.jpg\" sizes=\"(max-width: 480px) 100vw, 480px\" srcset=\"https:\/\/blogdofinfa.com.br\/wp-content\/uploads\/2023\/02\/331110099_767966798080428_1367878240286205750_n-1-480x600.jpg 480w, https:\/\/blogdofinfa.com.br\/wp-content\/uploads\/2023\/02\/331110099_767966798080428_1367878240286205750_n-1-240x300.jpg 240w, https:\/\/blogdofinfa.com.br\/wp-content\/uploads\/2023\/02\/331110099_767966798080428_1367878240286205750_n-1-768x960.jpg 768w, https:\/\/blogdofinfa.com.br\/wp-content\/uploads\/2023\/02\/331110099_767966798080428_1367878240286205750_n-1-1229x1536.jpg 1229w, https:\/\/blogdofinfa.com.br\/wp-content\/uploads\/2023\/02\/331110099_767966798080428_1367878240286205750_n-1-200x250.jpg 200w, https:\/\/blogdofinfa.com.br\/wp-content\/uploads\/2023\/02\/331110099_767966798080428_1367878240286205750_n-1-19x24.jpg 19w, https:\/\/blogdofinfa.com.br\/wp-content\/uploads\/2023\/02\/331110099_767966798080428_1367878240286205750_n-1-29x36.jpg 29w, https:\/\/blogdofinfa.com.br\/wp-content\/uploads\/2023\/02\/331110099_767966798080428_1367878240286205750_n-1-38x48.jpg 38w, https:\/\/blogdofinfa.com.br\/wp-content\/uploads\/2023\/02\/331110099_767966798080428_1367878240286205750_n-1.jpg 1440w\" alt=\"\" width=\"480\" height=\"600\" data-attachment-id=\"232376\" data-permalink=\"https:\/\/blogdofinfa.com.br\/2023\/02\/coluna-do-finfa-1979.html\/331110099_767966798080428_1367878240286205750_n-1\" data-orig-file=\"https:\/\/blogdofinfa.com.br\/wp-content\/uploads\/2023\/02\/331110099_767966798080428_1367878240286205750_n-1.jpg\" data-orig-size=\"1440,1800\" data-comments-opened=\"1\" data-image-meta=\"{&quot;aperture&quot;:&quot;0&quot;,&quot;credit&quot;:&quot;&quot;,&quot;camera&quot;:&quot;&quot;,&quot;caption&quot;:&quot;&quot;,&quot;created_timestamp&quot;:&quot;0&quot;,&quot;copyright&quot;:&quot;&quot;,&quot;focal_length&quot;:&quot;0&quot;,&quot;iso&quot;:&quot;0&quot;,&quot;shutter_speed&quot;:&quot;0&quot;,&quot;title&quot;:&quot;&quot;,&quot;orientation&quot;:&quot;0&quot;}\" data-image-title=\"331110099_767966798080428_1367878240286205750_n (1)\" data-image-description=\"\" data-image-caption=\"\" data-medium-file=\"https:\/\/blogdofinfa.com.br\/wp-content\/uploads\/2023\/02\/331110099_767966798080428_1367878240286205750_n-1-240x300.jpg\" data-large-file=\"https:\/\/blogdofinfa.com.br\/wp-content\/uploads\/2023\/02\/331110099_767966798080428_1367878240286205750_n-1-480x600.jpg\" data-lazy-loaded=\"1\" \/><\/p>\n<p><strong>Grandes atra\u00e7\u00f5es<\/strong>\u00a0\u2013 O prefeito de Cust\u00f3dia, Emmanuel Fernandes(Manuca), anunciou a grade das atra\u00e7\u00f5es que estar\u00e3o participando da tradicional Festa de Mar\u00e7o no seu munic\u00edpio. Entre as atra\u00e7\u00f5es Jo\u00e3o Gomes, Tarc\u00edsio do Acordeon, JOnas Esticado e a dupla Matheus e Kauan, estar\u00e3o se apresentando entre os dos 15 \u00e0 18 de Mar\u00e7o.Confira a programa\u00e7\u00e3o acima.<img loading=\"lazy\" decoding=\"async\" class=\"aligncenter size-full wp-image-232381 jetpack-lazy-image jetpack-lazy-image--handled\" src=\"https:\/\/blogdofinfa.com.br\/wp-content\/uploads\/2023\/02\/marcia-2.png\" sizes=\"(max-width: 532px) 100vw, 532px\" srcset=\"https:\/\/blogdofinfa.com.br\/wp-content\/uploads\/2023\/02\/marcia-2.png 532w, https:\/\/blogdofinfa.com.br\/wp-content\/uploads\/2023\/02\/marcia-2-300x183.png 300w, https:\/\/blogdofinfa.com.br\/wp-content\/uploads\/2023\/02\/marcia-2-200x122.png 200w, https:\/\/blogdofinfa.com.br\/wp-content\/uploads\/2023\/02\/marcia-2-24x15.png 24w, https:\/\/blogdofinfa.com.br\/wp-content\/uploads\/2023\/02\/marcia-2-36x22.png 36w, https:\/\/blogdofinfa.com.br\/wp-content\/uploads\/2023\/02\/marcia-2-48x29.png 48w\" alt=\"\" width=\"532\" height=\"324\" data-attachment-id=\"232381\" data-permalink=\"https:\/\/blogdofinfa.com.br\/2023\/02\/coluna-do-finfa-1979.html\/marcia-91\" data-orig-file=\"https:\/\/blogdofinfa.com.br\/wp-content\/uploads\/2023\/02\/marcia-2.png\" data-orig-size=\"532,324\" data-comments-opened=\"1\" data-image-meta=\"{&quot;aperture&quot;:&quot;0&quot;,&quot;credit&quot;:&quot;&quot;,&quot;camera&quot;:&quot;&quot;,&quot;caption&quot;:&quot;&quot;,&quot;created_timestamp&quot;:&quot;0&quot;,&quot;copyright&quot;:&quot;&quot;,&quot;focal_length&quot;:&quot;0&quot;,&quot;iso&quot;:&quot;0&quot;,&quot;shutter_speed&quot;:&quot;0&quot;,&quot;title&quot;:&quot;&quot;,&quot;orientation&quot;:&quot;0&quot;}\" data-image-title=\"marcia\" data-image-description=\"\" data-image-caption=\"\" data-medium-file=\"https:\/\/blogdofinfa.com.br\/wp-content\/uploads\/2023\/02\/marcia-2-300x183.png\" data-large-file=\"https:\/\/blogdofinfa.com.br\/wp-content\/uploads\/2023\/02\/marcia-2.png\" data-lazy-loaded=\"1\" \/><img loading=\"lazy\" decoding=\"async\" class=\"aligncenter wp-image-232382 jetpack-lazy-image jetpack-lazy-image--handled\" src=\"https:\/\/blogdofinfa.com.br\/wp-content\/uploads\/2023\/02\/marcia1.png\" sizes=\"(max-width: 532px) 100vw, 532px\" srcset=\"https:\/\/blogdofinfa.com.br\/wp-content\/uploads\/2023\/02\/marcia1.png 495w, https:\/\/blogdofinfa.com.br\/wp-content\/uploads\/2023\/02\/marcia1-300x179.png 300w, https:\/\/blogdofinfa.com.br\/wp-content\/uploads\/2023\/02\/marcia1-200x119.png 200w, https:\/\/blogdofinfa.com.br\/wp-content\/uploads\/2023\/02\/marcia1-24x14.png 24w, https:\/\/blogdofinfa.com.br\/wp-content\/uploads\/2023\/02\/marcia1-36x21.png 36w, https:\/\/blogdofinfa.com.br\/wp-content\/uploads\/2023\/02\/marcia1-48x29.png 48w\" alt=\"\" width=\"532\" height=\"317\" data-attachment-id=\"232382\" data-permalink=\"https:\/\/blogdofinfa.com.br\/2023\/02\/coluna-do-finfa-1979.html\/marcia1-19\" data-orig-file=\"https:\/\/blogdofinfa.com.br\/wp-content\/uploads\/2023\/02\/marcia1.png\" data-orig-size=\"495,295\" data-comments-opened=\"1\" data-image-meta=\"{&quot;aperture&quot;:&quot;0&quot;,&quot;credit&quot;:&quot;&quot;,&quot;camera&quot;:&quot;&quot;,&quot;caption&quot;:&quot;&quot;,&quot;created_timestamp&quot;:&quot;0&quot;,&quot;copyright&quot;:&quot;&quot;,&quot;focal_length&quot;:&quot;0&quot;,&quot;iso&quot;:&quot;0&quot;,&quot;shutter_speed&quot;:&quot;0&quot;,&quot;title&quot;:&quot;&quot;,&quot;orientation&quot;:&quot;0&quot;}\" data-image-title=\"marcia1\" data-image-description=\"\" data-image-caption=\"\" data-medium-file=\"https:\/\/blogdofinfa.com.br\/wp-content\/uploads\/2023\/02\/marcia1-300x179.png\" data-large-file=\"https:\/\/blogdofinfa.com.br\/wp-content\/uploads\/2023\/02\/marcia1.png\" data-lazy-loaded=\"1\" \/><\/p>\n<p><strong>Inaugurou<\/strong>\u00a0\u2013 A prefeita de Serra Talhada, M\u00e1rcia Conrado, esteve ontem (15), inaugurando no 5\u00ba distrito, duas passagens molhadas na comunidade do Catol\u00e9 e tamb\u00e9m a do Pil\u00e3ozinho e S\u00e3o Jo\u00e3o dos Gaias, finalizando uma emenda de R$ 400 mil do deputado federal Carlos Veras, mais um investimento de R$ 150 mil da prefeitura, atrav\u00e9s de recursos pr\u00f3prios, somando R$ 550 mil<em>. \u201cAs inaugura\u00e7\u00f5es v\u00e3o beneficiar as comunidades do Assentamento Catol\u00e9, Vargem de Cima, Lagoa da Pedra, Angico Grande. Moradores, como Seu Severino, podem ficar tranquilos com a certeza de que a partir de agora, quando chover, o caminho n\u00e3o ficar\u00e1 interditado pois agora foram feitas duas passagens molhadas adequadas para servir \u00e0 popula\u00e7\u00e3o,\u00a0<\/em>disse a prefeita.<\/p>\n<p><strong><img loading=\"lazy\" decoding=\"async\" class=\"alignleft size-full wp-image-232224 jetpack-lazy-image jetpack-lazy-image--handled\" src=\"https:\/\/blogdofinfa.com.br\/wp-content\/uploads\/2023\/02\/download-1-1.jpg\" sizes=\"(max-width: 300px) 100vw, 300px\" srcset=\"https:\/\/blogdofinfa.com.br\/wp-content\/uploads\/2023\/02\/download-1-1.jpg 300w, https:\/\/blogdofinfa.com.br\/wp-content\/uploads\/2023\/02\/download-1-1-200x112.jpg 200w, https:\/\/blogdofinfa.com.br\/wp-content\/uploads\/2023\/02\/download-1-1-24x13.jpg 24w, https:\/\/blogdofinfa.com.br\/wp-content\/uploads\/2023\/02\/download-1-1-36x20.jpg 36w, https:\/\/blogdofinfa.com.br\/wp-content\/uploads\/2023\/02\/download-1-1-48x27.jpg 48w\" alt=\"\" width=\"300\" height=\"168\" data-attachment-id=\"232224\" data-permalink=\"https:\/\/blogdofinfa.com.br\/2023\/02\/coluna-do-finfa-1977.html\/download-1-416\" data-orig-file=\"https:\/\/blogdofinfa.com.br\/wp-content\/uploads\/2023\/02\/download-1-1.jpg\" data-orig-size=\"300,168\" data-comments-opened=\"1\" data-image-meta=\"{&quot;aperture&quot;:&quot;0&quot;,&quot;credit&quot;:&quot;&quot;,&quot;camera&quot;:&quot;&quot;,&quot;caption&quot;:&quot;&quot;,&quot;created_timestamp&quot;:&quot;0&quot;,&quot;copyright&quot;:&quot;&quot;,&quot;focal_length&quot;:&quot;0&quot;,&quot;iso&quot;:&quot;0&quot;,&quot;shutter_speed&quot;:&quot;0&quot;,&quot;title&quot;:&quot;&quot;,&quot;orientation&quot;:&quot;0&quot;}\" data-image-title=\"download (1)\" data-image-description=\"\" data-image-caption=\"\" data-medium-file=\"https:\/\/blogdofinfa.com.br\/wp-content\/uploads\/2023\/02\/download-1-1.jpg\" data-large-file=\"https:\/\/blogdofinfa.com.br\/wp-content\/uploads\/2023\/02\/download-1-1.jpg\" data-lazy-loaded=\"1\" \/>Recebe<\/strong>\u00a0\u2013 A governadora Raquel Lyra (PSDB) recebe hoje no Pal\u00e1cio do Campo das Princesas o ministro de Portos e Aeroportos, M\u00e1rcio Fran\u00e7a (PSB). O Aeroporto dos Guararapes\/ Gilberto Freire e o Porto de Suape, deve ser um dos assuntos deste encontro.<\/p>\n<p><strong>Frase<\/strong>\u00a0\u2013<em>\u00a0\u201cLogo quando fomos procurados, aceitei de imediato fazer essa parceria, que est\u00e1 trazendo tantos benef\u00edcios para a nossa popula\u00e7\u00e3o, que agora vai poder transitar sem obst\u00e1culos no per\u00edodo das chuvas, podendo escoar a sua produ\u00e7\u00e3o agr\u00edcola, ir para a escola em seguran\u00e7a, socorrer um doente com mais agilidade\u201d.<\/em><strong>(Prefeito de Afogados da Ingazeira, Sandrinho Palmeira, ontem na inaugura\u00e7\u00e3o do ponte sobre riacho do Curral Velho, em parceria com o Governo Municipal de Carna\u00edba)<img loading=\"lazy\" decoding=\"async\" class=\"aligncenter size-full wp-image-232379 jetpack-lazy-image jetpack-lazy-image--handled\" src=\"https:\/\/blogdofinfa.com.br\/wp-content\/uploads\/2023\/02\/joao.png\" sizes=\"(max-width: 496px) 100vw, 496px\" srcset=\"https:\/\/blogdofinfa.com.br\/wp-content\/uploads\/2023\/02\/joao.png 496w, https:\/\/blogdofinfa.com.br\/wp-content\/uploads\/2023\/02\/joao-300x290.png 300w, https:\/\/blogdofinfa.com.br\/wp-content\/uploads\/2023\/02\/joao-200x194.png 200w, https:\/\/blogdofinfa.com.br\/wp-content\/uploads\/2023\/02\/joao-24x24.png 24w, https:\/\/blogdofinfa.com.br\/wp-content\/uploads\/2023\/02\/joao-36x36.png 36w, https:\/\/blogdofinfa.com.br\/wp-content\/uploads\/2023\/02\/joao-48x46.png 48w\" alt=\"\" width=\"496\" height=\"480\" data-attachment-id=\"232379\" data-permalink=\"https:\/\/blogdofinfa.com.br\/2023\/02\/coluna-do-finfa-1979.html\/joao-152\" data-orig-file=\"https:\/\/blogdofinfa.com.br\/wp-content\/uploads\/2023\/02\/joao.png\" data-orig-size=\"496,480\" data-comments-opened=\"1\" data-image-meta=\"{&quot;aperture&quot;:&quot;0&quot;,&quot;credit&quot;:&quot;&quot;,&quot;camera&quot;:&quot;&quot;,&quot;caption&quot;:&quot;&quot;,&quot;created_timestamp&quot;:&quot;0&quot;,&quot;copyright&quot;:&quot;&quot;,&quot;focal_length&quot;:&quot;0&quot;,&quot;iso&quot;:&quot;0&quot;,&quot;shutter_speed&quot;:&quot;0&quot;,&quot;title&quot;:&quot;&quot;,&quot;orientation&quot;:&quot;0&quot;}\" data-image-title=\"joao\" data-image-description=\"\" data-image-caption=\"\" data-medium-file=\"https:\/\/blogdofinfa.com.br\/wp-content\/uploads\/2023\/02\/joao-300x290.png\" data-large-file=\"https:\/\/blogdofinfa.com.br\/wp-content\/uploads\/2023\/02\/joao.png\" data-lazy-loaded=\"1\" \/><\/strong><\/p>\n<p><strong>Bate e volta<\/strong>\u00a0\u2013 Nesta quarta-feira (15),o prefeito do Recife, Jo\u00e3o Campos, fez um bate e volta em Bras\u00edlia, onde participou de uma reuni\u00e3o com o vice-presidente da Rep\u00fablica, Geraldo Alckmin e o Secret\u00e1rio de Micro e Pequenas Empresas e Empreendedorismo do Minist\u00e9rio do Desenvolvimento, Milton Coelho.\u00a0<em>\u201cJuntos, vamos estruturar a\u00e7\u00f5es que v\u00e3o ajudar muito o Recife na \u00e1rea que abrange os micro e pequenos empreendedores e nas iniciativas de economia verde. Pode esperar que teremos novos projetos para ajudar quem deseja abrir seu pr\u00f3prio neg\u00f3cio aqui na cidade\u201d,\u00a0<\/em>disse o prefeito Jo\u00e3o Campos.<\/p>\n<p><strong><img loading=\"lazy\" decoding=\"async\" class=\"alignleft wp-image-232383 jetpack-lazy-image jetpack-lazy-image--handled\" src=\"https:\/\/blogdofinfa.com.br\/wp-content\/uploads\/2023\/02\/miguel.png\" sizes=\"(max-width: 322px) 100vw, 322px\" srcset=\"https:\/\/blogdofinfa.com.br\/wp-content\/uploads\/2023\/02\/miguel.png 402w, https:\/\/blogdofinfa.com.br\/wp-content\/uploads\/2023\/02\/miguel-246x300.png 246w, https:\/\/blogdofinfa.com.br\/wp-content\/uploads\/2023\/02\/miguel-200x244.png 200w, https:\/\/blogdofinfa.com.br\/wp-content\/uploads\/2023\/02\/miguel-20x24.png 20w, https:\/\/blogdofinfa.com.br\/wp-content\/uploads\/2023\/02\/miguel-29x36.png 29w, https:\/\/blogdofinfa.com.br\/wp-content\/uploads\/2023\/02\/miguel-39x48.png 39w\" alt=\"\" width=\"322\" height=\"393\" data-attachment-id=\"232383\" data-permalink=\"https:\/\/blogdofinfa.com.br\/2023\/02\/coluna-do-finfa-1979.html\/miguel-115\" data-orig-file=\"https:\/\/blogdofinfa.com.br\/wp-content\/uploads\/2023\/02\/miguel.png\" data-orig-size=\"402,491\" data-comments-opened=\"1\" data-image-meta=\"{&quot;aperture&quot;:&quot;0&quot;,&quot;credit&quot;:&quot;&quot;,&quot;camera&quot;:&quot;&quot;,&quot;caption&quot;:&quot;&quot;,&quot;created_timestamp&quot;:&quot;0&quot;,&quot;copyright&quot;:&quot;&quot;,&quot;focal_length&quot;:&quot;0&quot;,&quot;iso&quot;:&quot;0&quot;,&quot;shutter_speed&quot;:&quot;0&quot;,&quot;title&quot;:&quot;&quot;,&quot;orientation&quot;:&quot;0&quot;}\" data-image-title=\"miguel\" data-image-description=\"\" data-image-caption=\"\" data-medium-file=\"https:\/\/blogdofinfa.com.br\/wp-content\/uploads\/2023\/02\/miguel-246x300.png\" data-large-file=\"https:\/\/blogdofinfa.com.br\/wp-content\/uploads\/2023\/02\/miguel.png\" data-lazy-loaded=\"1\" \/>Hoje<\/strong>\u00a0\u2013 O ex-prefeito de Petrolina Miguel Coelho, tem um encontro marcado nesta quinta-feira (16)\u00a0<strong>\u00e0s 19 horas,<\/strong>\u00a0com o pessoal da PetroCast.<em>\u00a0\u201cVamos conversar um pouco sobre minhas experi\u00eancias de vida p\u00fablica e pessoal tamb\u00e9m. Simbora conferir!\u201d,<\/em>\u00a0postou Miguel. A transmiss\u00e3o pelo Instagram:\u00a0<a href=\"http:\/\/petrocastoficial\/\">@petrocastoficial<\/a>\u00a0e YouTube:\u00a0<a href=\"https:\/\/blogdofinfa.com.br\/petrocast\">\/petrocast<\/a><\/p>\n<p><strong>Comunidade LGBTI+ ter\u00e1 folia garantida<\/strong>\u00a0\u2013 Todas as formas de diversidades estar\u00e3o contempladas durante a folia no Carnaval do Recife. Neste ano, artistas e p\u00fablico LGBTI+ ter\u00e3o destaques em tr\u00eas palcos na cidade: da Rua da Moeda, nesta quinta-feira (16), do P\u00e1tio de S\u00e3o Pedro, no s\u00e1bado (18), e do Ibura, na quarta-feira (22). Al\u00e9m de muita m\u00fasica, os polos tamb\u00e9m receber\u00e3o jovens empreendedores LGBTI+ capacitados pela Prefeitura do Recife para comercializar sacol\u00e9 gourmet e bolo no pote e terem sua primeira experi\u00eancia pr\u00e1tica ap\u00f3s o curso. A oficina de empreendedorismo, realizada na cozinha escola da Casa Municipal de Acolhimento LGBTI+ Roberta Nascimento, capacitou 15 jovens usu\u00e1rios do Centro de Refer\u00eancia em Cidadania LGBT e acolhidos na Casa Roberta Nascimento. Na ocasi\u00e3o, os participantes aprenderam como preparar e vender bolos no pote e sacol\u00e9 gourmet. O objetivo \u00e9 garantir a oportunidade de inseri-los no universo do trabalho, sendo a primeira experi\u00eancia durante o Carnaval do Recife. Al\u00e9m de todos os insumos para a prepara\u00e7\u00e3o dos alimentos, os jovens tamb\u00e9m receberam descart\u00e1veis e caixa t\u00e9rmica.<\/p>\n<p><strong>Perguntar n\u00e3o ofende<\/strong>\u00a0\u2013 Haver\u00e1 bem em breve novidades na oposi\u00e7\u00e3o de Carna\u00edba?<\/p>\n<p><img decoding=\"async\" class=\"aligncenter\" src=\"https:\/\/www.gncnews.com.br\/assets\/uploads\/a8e5ce8dd382d07bd99df3226a091d25.png\" alt=\"Blog do Elielson\" \/><\/p>\n<p>O ex-ministro do Turismo e segundo colocado na disputa pelo Senado em 2022, Gilson Machado Neto, afirmou \u00e0 coluna que ser\u00e1 candidato a prefeito do Recife na elei\u00e7\u00e3o do pr\u00f3ximo ano. \u201cEu n\u00e3o abro nem para o trem\u201d, disse.<\/p>\n<p>Filiado ao PL, Gilson revelou que quer reunir todos os bolsonaristas e conservadores do Recife em torno do seu projeto. \u201cFui o candidato conservador mais votado no Nordeste depois de Bolsonaro, e no Recife a nossa vota\u00e7\u00e3o foi muito expressiva. N\u00e3o podemos deixar esse eleitor sem um candidato que o represente\u201d, afirmou o ex-ministro com exclusividade ao blog.<\/p>\n<p>Mesmo com o PL podendo ter outro candidato, outras siglas j\u00e1 sinalizam para lan\u00e7ar Gilson Machado \u00e0 prefeitura. Se a direita sair rachada, poder\u00e1 ajudar ainda mais o prefeito Jo\u00e3o Campos na reelei\u00e7\u00e3o. Ainda tem o palanque que ser\u00e1 erguido pela governadora Raquel Lyra.<\/p>\n<p><strong>NO PAL\u00c1CIO<\/strong>\u00a0&#8211; A governadora Raquel Lyra (PSDB) recebe nesta quinta-feira a visita do ministro de Portos e Aeroportos, M\u00e1rcio Fran\u00e7a. Na cota do PSB, o auxiliar de Lula desembarca no Estado que foi governado por seu partido por 16 anos. Isso \u00e9 uma aula de civilidade para tratar de pautas de Pernambuco. Suape deve ser uma das prioridades do encontro.<\/p>\n<p><strong>COM JO\u00c3O<\/strong>\u00a0&#8211; Antes de ter uma reuni\u00e3o com a governadora, o ministro M\u00e1rcio Fran\u00e7a esteve com o prefeito do Recife, Jo\u00e3o Campos. O gestor da Capital acompanhou o ministro em uma visita t\u00e9cnica ao Aeroporto Internacional do Recife. \u201cM\u00e1rcio est\u00e1 muito atento para melhorar a infraestrutura da nossa malha a\u00e9rea\u201d, disse Campos, ao postar foto com o auxiliar de Lula.<\/p>\n<p><strong>PADRINHO<\/strong>\u00a0&#8211; Um dos patrocinadores da indica\u00e7\u00e3o de M\u00e1rcio Fran\u00e7a para o minist\u00e9rio por indica\u00e7\u00e3o oficial do PSB foi o pr\u00f3prio Jo\u00e3o Campos. Essa vinda ao Recife \u00e9 um gesto de gratid\u00e3o pelo empenho do prefeito recifense. Em outras palavras, M\u00e1rcio veio pedir a ben\u00e7\u00e3o ao padrinho, como \u00e9 de costume na tradu\u00e7\u00e3o nordestina.<\/p>\n<p><strong>R\u00c1PIDAS\u00a0<\/strong><\/p>\n<p><strong>NAZAR\u00c9<\/strong>\u00a0&#8211; O prefeito de Nazar\u00e9 da Mata, Nino Nascimento, anunciou a programa\u00e7\u00e3o do Carnaval deste ano. A Terra do Maracatu ter\u00e1 atra\u00e7\u00f5es de peso estadual como Andr\u00e9 Rio em parceria com o Governo do Estado. Al\u00e9m do tradicional encontro dos maracatus, quando a cidade se torna destaque nacional.<\/p>\n<p><strong>COMISS\u00d5ES<\/strong>\u00a0&#8211; A C\u00e2mara de Vereadores do Recife j\u00e1 iniciou o bi\u00eanio instalando sete das 15 comiss\u00f5es permanentes da Casa. Uma das mais importantes \u00e9 a Comiss\u00e3o de Legisla\u00e7\u00e3o e Justi\u00e7a, que ter\u00e1 a presid\u00eancia do vereador Z\u00e9 Neto (PROS) e a vereadora Andreza Romero (Podemos), como vice.<\/p>\n<p><strong>CLIMA DE FESTA\u00a0<\/strong>&#8211; A Assembleia Legislativa realizou sua folia de Carnaval, a primeira sob o comando do presidente \u00c1lvaro Porto e com Gustavo Gouveia na primeira secretaria. O clima entre os deputados \u00e9 de muita festa no in\u00edcio da Legislatura.<\/p>\n<p><strong>PINGA-FOGO: Clarissa T\u00e9rcio vai topar bater de frente com o prefeito Mano Medeiros em Jaboat\u00e3o?<\/strong><\/p>\n<p><span style=\"font-size: 36pt;\"><em>Blog da FOLHA PE\/Edmar Lyra<\/em><\/span><\/p>\n<p><strong>Silvio Costa Filho se fortalece junto ao governo Lula\u00a0<\/strong><\/p>\n<p>No segundo mandato como deputado federal, Silvio Costa Filho (Republicanos) foi um dos parlamentares que abriram dissid\u00eancia em seu partido para apoiar a candidatura de Lula em 2022. Muito pr\u00f3ximo do presidente, Silvio tornou-se um cr\u00edtico do governo Bolsonaro e teve papel importante na constru\u00e7\u00e3o do palanque da Frente Popular para garantir uma expressiva vota\u00e7\u00e3o ao petista em Pernambuco.<\/p>\n<p>As urnas foram bastante generosas com seu grupo pol\u00edtico, quando ele se reelegeu com 162.056 votos, sendo o quarto federal mais votado do estado, o deputado estadual Jo\u00e3o Paulo Costa foi reeleito com 42.474 votos, al\u00e9m disso o ex-deputado Silvio Costa foi eleito primeiro suplente da senadora Teresa Leit\u00e3o.<\/p>\n<p>Essa rela\u00e7\u00e3o com Lula n\u00e3o vem de agora, Silvio Costa teve papel determinante durante o governo Dilma Rousseff na condi\u00e7\u00e3o de vice-l\u00edder na C\u00e2mara dos Deputados e ambos possuem rela\u00e7\u00e3o estreita com o atual presidente da Rep\u00fablica. Isso dever\u00e1 significar um protagonismo de Silvio Costa Filho na bancada federal na rela\u00e7\u00e3o com o Pal\u00e1cio do Planalto e pode se traduzir n\u00e3o s\u00f3 em espa\u00e7os no governo federal como principalmente no tratamento diferenciado das bases do parlamentar junto ao governo Lula.<\/p>\n<p>Ap\u00f3s realizar um mandato acima da m\u00e9dia entre 2019 e 2022 na sua primeira estada em Bras\u00edlia, a atual legislatura tem tudo para consolidar Silvio Costa Filho como um dos principais parlamentares do pa\u00eds, pois \u00e9 afeito ao di\u00e1logo e busca sempre contribuir com o desenvolvimento de Pernambuco.<span id=\"more-114930\"><\/span><\/p>\n<p><strong>Neutra<\/strong>\u00a0\u2013 O Supremo Tribunal Federal declarou a inconstitucionalidade de uma lei do Estado de Rond\u00f4nia que proibia a chamada \u201clinguagem neutra\u201d na grade curricular e no material did\u00e1tico de escolas p\u00fablicas ou privadas. O colegiado considerou que a norma apresenta \u201cv\u00edcio formal por violar a compet\u00eancia legislativa da Uni\u00e3o para editar regras sobre o uso da L\u00edngua Portuguesa\u201d. Ao final do julgamento, foi feita a fixa\u00e7\u00e3o da seguinte tese jur\u00eddica: \u201cNorma estadual que, a pretexto de proteger os estudantes, pro\u00edbe modalidade de uso da l\u00edngua portuguesa viola a compet\u00eancia legislativa da Uni\u00e3o\u201d.<\/p>\n<p><strong>Federa\u00e7\u00e3o<\/strong>\u00a0\u2013 Integrantes do Uni\u00e3o Brasil e do PP j\u00e1 d\u00e3o como certa a federa\u00e7\u00e3o entre as duas legendas que formaria um bloco extremamente representativo no pa\u00eds com 106 deputados federais e dezesseis senadores. Em Pernambuco, a federa\u00e7\u00e3o teria 13 deputados estaduais e 7 deputados federais.<\/p>\n<p><strong>Alepe Folia<\/strong>\u00a0\u2013 Comandado pelo presidente \u00c1lvaro Porto e pelo primeiro-secret\u00e1rio Gustavo Gouveia, o bloco Alepe Folia reuniu deputados e servidores da Casa para confraternizarem os festejos de momo ap\u00f3s dois anos de pandemia. Todo mundo aprovou a iniciativa da nova mesa diretora da Casa de Joaquim Nabuco.<\/p>\n<p><strong>Disputa<\/strong>\u00a0\u2013 A presid\u00eancia da Comiss\u00e3o de Constitui\u00e7\u00e3o e Justi\u00e7a da Alepe dever\u00e1 ser fruto de um embate entre o atual presidente Waldemar Borges (PSB) e o deputado Ant\u00f4nio Moraes (PP), que conta com a prefer\u00eancia da governadora Raquel Lyra. Ap\u00f3s o carnaval a Casa dever\u00e1 definir as comiss\u00f5es e seus respectivos comandos.<\/p>\n<p><strong>Inocente quer saber<\/strong>\u00a0\u2013 Al\u00e9m de Silvio Costa Filho, quais deputados pernambucanos devem se destacar junto ao governo federal?<\/p>\n<p><img decoding=\"async\" class=\"aligncenter\" src=\"https:\/\/lh3.googleusercontent.com\/8elA9G829mszfCHyfTWRXYNOtBOk1NxqcqzamQ5J6ZxvuOZA9X_dM2aSa_-O-KS7_8Syrkblfrgzfu_9WL6gYqLEWCq1oH68MFgQcoB7fnfilRW3t1A\" alt=\"Metr\u00f3poles Estudo de caso | Google Cloud\" \/><\/p>\n<div class=\"separator\"><a href=\"https:\/\/blogger.googleusercontent.com\/img\/b\/R29vZ2xl\/AVvXsEjsRPdUDJ_2TtClz1WcvmXIZQhHL6wmFX4x4nsbEoTWtdUk2ZLviyCyFX89jBjm_G3uilKQs5oalSydWUxTsRh7wlIyf84bEBYl1G74Z2eiks2Ncpnsz67CcxrRakNloeZQkaQyvHK9Q3t9AAnPJGZXdqzUM_4SliRX4nzHDrfOqS96GbN2Sc-vxCBoaA\/s800\/image.jpg\"><img loading=\"lazy\" decoding=\"async\" class=\"alignleft\" src=\"https:\/\/blogger.googleusercontent.com\/img\/b\/R29vZ2xl\/AVvXsEjsRPdUDJ_2TtClz1WcvmXIZQhHL6wmFX4x4nsbEoTWtdUk2ZLviyCyFX89jBjm_G3uilKQs5oalSydWUxTsRh7wlIyf84bEBYl1G74Z2eiks2Ncpnsz67CcxrRakNloeZQkaQyvHK9Q3t9AAnPJGZXdqzUM_4SliRX4nzHDrfOqS96GbN2Sc-vxCBoaA\/w395-h296\/image.jpg\" width=\"395\" height=\"296\" border=\"0\" data-original-height=\"600\" data-original-width=\"800\" \/><\/a>Metropoles &#8211; No pa\u00eds do carnaval, o recesso de fim de ano dos tr\u00eas Poderes s\u00f3 termina na pr\u00e1tica depois da quarta-feira de cinzas. Este ano foi diferente porque um novo governo tomou posse, e os partid\u00e1rios do anterior tentaram dar um golpe amador.<\/div>\n<p>A escassez de not\u00edcias relevantes diminui. Ent\u00e3o, brotam com exuber\u00e2ncia as flores do recesso \u2013 a discuss\u00e3o de fatos que, na maioria das vezes, n\u00e3o s\u00e3o fatos; que desaparecem quando fatos de verdade vierem a se impor depois do carnaval.<\/p>\n<p>No momento, quer flor do recesso mais atraente do que a possibilidade de Janja, mulher de Lula, enfrentar Michelle, mulher de Bolsonaro, na elei\u00e7\u00e3o presidencial daqui a quatro anos? E se Marina Silva e Simone Tebet decidirem concorrer, hein?<\/p>\n<p>Quem, fora n\u00f3s, jornalistas, se interessa por isso com tanta anteced\u00eancia? O interesse p\u00fablico, por enquanto, \u00e9 nenhum. Mas, Janja entra na Casa Branca de m\u00e3os dadas com Joe Biden, participa de reuni\u00f5es com ministros e palpita \u00e0 vontade.<\/p>\n<p>Dizem que poder\u00e1 at\u00e9 aparecer no desfile das escolas de samba na Sapuca\u00ed. O mais prov\u00e1vel \u00e9 que fique ao lado do marido que pretende descansar na base da Marinha, na Bahia. A n\u00e3o ser que ele desembarque na passarela do samba. Tudo \u00e9 poss\u00edvel.<\/p>\n<p>Aten\u00e7\u00e3o! Michelle assumiu a presid\u00eancia do setor feminino do PL de Valdemar Costa Neto. \u00c9 o partido de Bolsonaro. Michelle tem ambi\u00e7\u00f5es pol\u00edticas \u2013 ela nega, mas todos insistem que tem. Se o marido for impedido de se candidatar, por que n\u00e3o ela?<\/p>\n<p>A\u00ed vem a tentadora compara\u00e7\u00e3o de Janja e de Michelle com Evita Per\u00f3n, mulher do ex-ditador Juan Domingo Per\u00f3n. Evita foi endeusada como a m\u00e3e dos pobres. Um c\u00e2ncer a matou no auge do poder. Per\u00f3n governou a Argentina tr\u00eas vezes, sendo deposto duas.<\/p>\n<p>Da terceira vez, Isabelita, sua nova mulher, se elegeu vice-presidente. Per\u00f3n morreu sem completar o mandato. Isabelita o sucedeu, mas um golpe militar a derrubou. O que Janja e Michelle t\u00eam a ver com isso? S\u00f3 por que s\u00e3o mulheres? Bela flor do recesso!<\/p>\n<p>Somos jardineiros aplicados, embora nem sempre bem-sucedidos. O golpe de 8 de janeiro n\u00e3o foi uma flor, muito menos bela. Ainda dar\u00e1 muito o que falar. Sua verdadeira hist\u00f3ria est\u00e1 por ser escrita. Fl\u00e1vio Dino, ministro da Justi\u00e7a, sabe, mas n\u00e3o quer contar.<\/p>\n<p><span style=\"font-size: 36pt;\"><em>blog do Magno Martins<\/em><\/span><\/p>\n<div class=\"ub-expand-portion ub-expand-partial\">\n<p><strong>As maldades de Raquel\u00a0<\/strong><\/p>\n<p>Pr\u00f3ximo a fechar os primeiros 60 dias de gest\u00e3o, a governadora Raquel Lyra (PSDB) j\u00e1 acumula um saldo de erros que vem mexendo com a autoestima dos pernambucanos, levando formadores de opini\u00e3o e a popula\u00e7\u00e3o em geral a desconfiar que seja capaz, verdadeiramente, de promover as mudan\u00e7as que tanto prometeu. At\u00e9 o momento, n\u00e3o h\u00e1 nada que a diferencie das maldades dos 16 anos do PSB.<\/p>\n<p>De largada, deu uma vassourada sem precedentes no funcionalismo p\u00fablico estadual, demitindo 2,7 mil servidores comissionados e terceirizados. Seu efeito foi t\u00e3o violento que at\u00e9 agora, decorridos 46 dias, v\u00e1rias reparti\u00e7\u00f5es da administra\u00e7\u00e3o direta e indireta continuam ac\u00e9falas, praticamente fechadas, pois n\u00e3o t\u00eam sequer ordenadores de despesas.<\/p>\n<\/div>\n<div class=\"ub-expand-portion ub-expand-full\">\n<p>Tamb\u00e9m em rela\u00e7\u00e3o a pessoal, pela primeira vez o Governo de Pernambuco atrasa a folha de pagamento. E olha que t\u00e3o logo assumiu, Raquel fez quest\u00e3o de divulgar um calend\u00e1rio anual de pagamentos, programando o primeiro para 31 de janeiro, o que n\u00e3o ocorreu. At\u00e9 hoje, v\u00e1rios \u00f3rg\u00e3os do segundo escal\u00e3o, como o IPA e at\u00e9 secretarias, como Produ\u00e7\u00e3o Rural, est\u00e3o com seus pagamentos em aberto.<\/p>\n<p>Maldade maior, entretanto, a governadora fez com os pobres benefici\u00e1rios do Bolsa Fam\u00edlia, atrasando o pagamento do 13\u00ba de 1,5 milh\u00e3o de pessoas que dependem \u00fanica e exclusivamente desse dinheirinho. A governadora tamb\u00e9m baixou um decreto que deixou em polvorosa empresas prestadoras de servi\u00e7os ao Estado, no qual reduz em 25% o valor dos atuais contratos, mas mantendo os mesmos servi\u00e7os.<\/p>\n<p>Um microempres\u00e1rio lembra que o lucro das empresas prestadoras de servi\u00e7o n\u00e3o chega sequer a alcan\u00e7ar esse percentual. Qual ser\u00e1 a consequ\u00eancia disso: quebradeira geral de empresas, que passar\u00e3o a decretar fal\u00eancia se viverem, basicamente, de contratos com o Estado.<\/p>\n<p>Na sa\u00fade, a governadora at\u00e9 agora nada fez de concreto para evitar o fechamento do Hospital do C\u00e2ncer, equipamento de excel\u00eancia do Nordeste, que resiste a duas penas. Por falar em hospital, a governadora tamb\u00e9m est\u00e1 cometendo a mesma maldade do PSB, atrasando o repasse dos conv\u00eanios das institui\u00e7\u00f5es que atendem servidores do Estado pelo Sassepe.<\/p>\n<p>Raquel, por fim, n\u00e3o autorizou ainda o pagamento do piso nacional dos professores nem tampouco o novo piso dos enfermeiros. Quanto aos professores, mata de fome os que est\u00e3o esperando o pagamento dos precat\u00f3rios do Fundef. Na \u00faltima ter\u00e7a-feira, os que t\u00eam direito aos precat\u00f3rios promoveram um ato de protesto em frente ao Pal\u00e1cio do Campo das Princesas.<\/p>\n<p><strong>Improbidade \u2013<\/strong>\u00a0Ainda em rela\u00e7\u00e3o aos precat\u00f3rios do Fundef, o deputado federal Fernando Rodolfo amea\u00e7a recorrer \u00e0 justi\u00e7a para que a governadora pague o que deve aos professores. Segundo ele, \u00e9 inaceit\u00e1vel que a tucana maltrate tanto os que est\u00e3o aguardando esses valores estando o dinheiro repassado pela Uni\u00e3o depositado no caixa do Estado. \u201cA governadora pode responder a crime por improbidade administrativa se n\u00e3o pagar o que deve aos professores\u201d, adverte Rodolfo.<\/p>\n<div class=\"wp-block-image\">\n<figure class=\"alignleft size-full is-resized\"><img loading=\"lazy\" decoding=\"async\" class=\"wp-image-5741\" src=\"https:\/\/blogdomagno.com.br\/wp-content\/uploads\/2022\/08\/compesa.webp\" sizes=\"(max-width: 266px) 100vw, 266px\" srcset=\"https:\/\/blogdomagno.com.br\/wp-content\/uploads\/2022\/08\/compesa.webp 720w, https:\/\/blogdomagno.com.br\/wp-content\/uploads\/2022\/08\/compesa-300x183.webp 300w\" alt=\"\" width=\"266\" height=\"162\" \/><\/figure>\n<\/div>\n<p><strong>Atraso na Compesa \u2013<\/strong>\u00a0Atrasos de sal\u00e1rios no Estado tem sido a queixa mais recorrente de servidores ao blog. Ontem mesmo, servidores da empresa Servitium, uma das terceirizadas da Compesa, relataram que est\u00e3o sem receber seus vencimentos de janeiro, j\u00e1 entrando para o segundo m\u00eas, agora em fevereiro. S\u00e3o mais de 80 funcion\u00e1rios da Compesa, regional do Alto do Capibaribe, com sede em Surubim. \u201cVamos passar o carnaval na fome\u201d, relatou um terceirizado.<\/p>\n<p><strong>Enfim, o pagamento \u2013<\/strong>\u00a0S\u00f3 ontem, depois das amea\u00e7as do deputado Fernando Rodolfo, de entrar com uma representa\u00e7\u00e3o contra a governadora, por n\u00e3o pagamento dos precat\u00f3rios do Fundef, a Secretarias de Administra\u00e7\u00e3o divulgou o calend\u00e1rio de pagamentos do abono para os servidores ativos sem v\u00ednculos e herdeiros que n\u00e3o receberam a primeira parcela. Com essa medida, mais de 11 mil pessoas ser\u00e3o beneficiadas. Para os herdeiros, o pagamento ser\u00e1 realizado em 28 de fevereiro; para os servidores que n\u00e3o possuem mais v\u00ednculos, o repasse ocorrer\u00e1 em 29 de mar\u00e7o.<\/p>\n<p><strong>P\u00f3s-folia \u2013<\/strong>\u00a0As comiss\u00f5es tem\u00e1ticas da Assembleia Legislativa, objeto de disputa entre os partidos representados na Casa, somente ser\u00e3o definidas ap\u00f3s o Carnaval. Foi o que anunciou, ontem, o presidente do poder, \u00c1lvaro Porto, ap\u00f3s reuni\u00e3o com os l\u00edderes. Presente ao encontro, o vice-l\u00edder do Governo, Jo\u00e3ozinho Ten\u00f3rio (Patriota), disse que uma nova reuni\u00e3o ficou marcada ap\u00f3s a folia do momo. Ele est\u00e1 otimista com rela\u00e7\u00e3o a um consenso na ocupa\u00e7\u00e3o das principais comiss\u00f5es, principalmente na mais importante, da Constitui\u00e7\u00e3o e Justi\u00e7a.<\/p>\n<div class=\"wp-block-image\">\n<figure class=\"alignleft size-full is-resized\"><img loading=\"lazy\" decoding=\"async\" class=\"wp-image-24867\" src=\"https:\/\/blogdomagno.com.br\/wp-content\/uploads\/2023\/02\/WhatsApp-Image-2023-02-14-at-16.59.57.jpeg\" sizes=\"(max-width: 265px) 100vw, 265px\" srcset=\"https:\/\/blogdomagno.com.br\/wp-content\/uploads\/2023\/02\/WhatsApp-Image-2023-02-14-at-16.59.57.jpeg 1024w, https:\/\/blogdomagno.com.br\/wp-content\/uploads\/2023\/02\/WhatsApp-Image-2023-02-14-at-16.59.57-300x200.jpeg 300w, https:\/\/blogdomagno.com.br\/wp-content\/uploads\/2023\/02\/WhatsApp-Image-2023-02-14-at-16.59.57-768x512.jpeg 768w\" alt=\"\" width=\"265\" height=\"176\" \/><\/figure>\n<\/div>\n<p><strong>Mudan\u00e7a no CREA \u2013<\/strong>\u00a0Depois de uma atua\u00e7\u00e3o excelente na M\u00fatua, a Caixa de Assist\u00eancia dos Profissionais do Conselho Regional de Engenharia, a engenheira Roberta Meneses desponta como pr\u00e9-candidata extremamente competitiva para presid\u00eancia da institui\u00e7\u00e3o. A elei\u00e7\u00e3o s\u00f3 est\u00e1 marcada para outubro, Roberta sequer admitiu que topa, mas seu nome j\u00e1 ganhou simpatia e ades\u00e3o de uma legi\u00e3o de engenheiros desapontados com o fiasco da atual gest\u00e3o, sob o comando de Adriano Lucena. \u201cO sentimento de mudan\u00e7a \u00e9 muito grande\u201d, disse um filiado, sob reserva.<\/p>\n<p><strong>CURTAS<\/strong><\/p>\n<p><strong>ESPINGARDAS \u2013<\/strong>\u00a0Sem licita\u00e7\u00e3o, a C\u00e2mara dos Deputados vai gastar quase R$ 90 mil para adquirir 10 espingardas calibre 12 para a Pol\u00edcia Legislativa da Casa. O extrato da dispensa de licita\u00e7\u00e3o para aquisi\u00e7\u00e3o dos armamentos foi publicado na edi\u00e7\u00e3o de ontem do Di\u00e1rio Oficial da Uni\u00e3o. As armas ser\u00e3o adquiridas da Companhia Brasileira de Cartuchos (CBC). O valor total do contrato com a empresa ser\u00e1 de R$ 88.562,10.<\/p>\n<p><strong>DESEMBARGADORES-SUBSTITUTOS \u2013<\/strong>\u00a0J\u00e1 est\u00e1 deflagrada a disputa interna pelas duas vagas de desembargador-substituto do Tribunal Regional Eleitoral de Pernambuco. Para a vaga de Leonardo Maia, que disputa \u00e0 reelei\u00e7\u00e3o, est\u00e3o de olho Andr\u00e9 Caola, nome da torcida do prefeito Jo\u00e3o Campos, e Jo\u00e3o Marcondes Oliveira. J\u00e1 para a vaga ocupada atualmente por Washington Amorim guerreiam Filipe Campos, genro de Silvio Costa, suplente de senador, Bruno Teixeira e Gustavo Ramiro, este s\u00f3cio de Eliah Duarte, pai do ex-presidente da OAB-PE, Ronny Duarte. As duas listas tr\u00edplices seguir\u00e3o para an\u00e1lise e julgamento pelo TSE, para encaminhamento ao presidente Lula, que dar\u00e1 a palavra final.<\/p>\n<p><strong>Perguntar n\u00e3o ofende: Quando a governadora pagar\u00e1 o 13\u00ba do Bolsa Fam\u00edlia?<\/strong><\/p>\n<p><img loading=\"lazy\" decoding=\"async\" class=\"aligncenter\" src=\"https:\/\/3.bp.blogspot.com\/-viu_iiCJUoM\/XrN0kMGp24I\/AAAAAAAAOKc\/4ER59mDM_Nsocbq911KZBil3sxeH2hhuQCK4BGAYYCw\/s850\/BLOG%2BLOGO.jpg\" alt=\"Blog do Silvinho\" width=\"565\" height=\"135\" \/><\/p>\n<div class=\"separator\"><a href=\"https:\/\/blogger.googleusercontent.com\/img\/b\/R29vZ2xl\/AVvXsEhcwrhACfCk3jZ92RgJJmY_5yhW8aKlDSJX12uhi-EC8xcNuAmf7GtuMM5gtc13fy6RxbGmq46tTRYmFpLNmWuN9AQD2ZtSIk5grwaVyh01_fAMhF_AZXGJ-WDyc6jNK-LxU8HaOJh-8qrTNfMu0Kg_WV0AKOK5qdZoKGUlYo96ftwF5cq6LtmhBB2Mtg\/s1280\/f1280x720-80851_212526_5050.jpg\"><img loading=\"lazy\" decoding=\"async\" class=\"alignleft\" src=\"https:\/\/blogger.googleusercontent.com\/img\/b\/R29vZ2xl\/AVvXsEhcwrhACfCk3jZ92RgJJmY_5yhW8aKlDSJX12uhi-EC8xcNuAmf7GtuMM5gtc13fy6RxbGmq46tTRYmFpLNmWuN9AQD2ZtSIk5grwaVyh01_fAMhF_AZXGJ-WDyc6jNK-LxU8HaOJh-8qrTNfMu0Kg_WV0AKOK5qdZoKGUlYo96ftwF5cq6LtmhBB2Mtg\/w467-h263\/f1280x720-80851_212526_5050.jpg\" width=\"467\" height=\"263\" border=\"0\" data-original-height=\"720\" data-original-width=\"1280\" \/><\/a><b>O espa\u00e7o de Pernambuco no Governo Lula<\/b><\/div>\n<div class=\"separator\">O ex-governador Paulo C\u00e2mara aceitou na semana passada o convite do presidente Lula para presidir o Banco do Nordeste mas est\u00e1 no aguardo da mudan\u00e7a na Lei das Estatais para assumir o cargo.\u00a0Em vigor desde julho de 2016, a lei pro\u00edbe a indica\u00e7\u00e3o, para o conselho de administra\u00e7\u00e3o e para cargos de diretoria e presidente, de pessoas que tenham atuado em campanhas ou em diret\u00f3rios de partidos nos tr\u00eas anos anteriores \u00e0 indica\u00e7\u00e3o. Paulo C\u00e2mara que recentemente se desfiliou do PSB, foi vice-presidente nacional da legenda at\u00e9 o m\u00eas passado.<\/div>\n<p>No entanto,\u00a0um projeto aprovado na C\u00e2mara dos Deputados no fim do ano passado reduziu o prazo de 36 meses para apenas 30 dias. O projeto tramita no Senado, e ainda deve passar pela CCJ (Comiss\u00e3o de Constitui\u00e7\u00e3o e Justi\u00e7a) antes de ir ao plen\u00e1rio. A Lei das Estatais est\u00e1 em vigor desde julho de 2016.<\/p>\n<p>Embora seja uma indica\u00e7\u00e3o pessoal de Lula, muitos ainda atribuem a presen\u00e7a de Paulo C\u00e2mara a uma forte imagem do PSB, mesmo sem estar filiado, o que atrapalharia de cara a indica\u00e7\u00e3o de Danilo Cabral para a Sudene. Al\u00e9m de Danilo Cabral, o PSB de Pernambuco foi contemplado com a Secretaria Nacional de Seguran\u00e7a P\u00fablica com a indica\u00e7\u00e3o de Tadeu Alencar para o cargo e tamb\u00e9m com o ex-deputado federal Milton Coelho que foi nomeado secret\u00e1rio de Micro e Pequenas Empresas, ambos dos Minist\u00e9rios da Justi\u00e7a e Desenvolvimento, Ind\u00fastria e Com\u00e9rcio e Servi\u00e7os que s\u00e3o da al\u00e7ada do partido nacionalmente.<\/p>\n<p>No entanto, Danilo Cabral disputou a elei\u00e7\u00e3o para governador em Pernambuco indo para um sacrif\u00edcio em nome do PSB e durante a campanha passou a conviver mais de perto com o presidente Lula que terminou tendo uma boa impress\u00e3o sua. O socialista era dado como certo no governo, mas ainda n\u00e3o conseguiu um espa\u00e7o. A Sudene seria um espa\u00e7o justamente pelo curr\u00edculo de gestor e a experi\u00eancia pol\u00edtica de Danilo que conta com a boa vontade de Lula e de seu partido mas encontra entraves como o PT, MDB e Solidariedade.<\/p>\n<p><b>Recife &#8211;<\/b>\u00a0A cidade do Recife \u00e9 a capital brasileira mais r\u00e1pida no Pa\u00eds para se abrir uma empresa. De acordo com o Painel Mapa de Empresas, divulgado pelo Governo Federal , o tempo necess\u00e1rio para registro de um novo neg\u00f3cio na capital pernambucana \u00e9 de apenas duas horas, o menor tempo obtido na hist\u00f3ria da cidade. Os dados s\u00e3o referentes a janeiro de 2023. Na compara\u00e7\u00e3o com o mesmo m\u00eas do ano passado, a redu\u00e7\u00e3o foi de 94%, 33 horas a menos. Em rela\u00e7\u00e3o a dezembro de 2022, a queda foi de 71%, representando cinco horas a menos. A capital pernambucana divide o p\u00f3dio com Aracaju (SE). Na sequ\u00eancia, Teresina (3 horas) e Curitiba (4 horas) completam os tr\u00eas menores tempos.<\/p>\n<p><b>PT quer a Sudene &#8211;<\/b>\u00a0O PT de Pernambuco n\u00e3o se sentiu contemplado em nenhum espa\u00e7o do Governo Federal. Bem diferente de como foi no primeiro governo de Lula quando conseguiu emplacar Humberto Costa no Minist\u00e9rio da Sa\u00fade. A Codevasf que era concorrida pelo Uni\u00e3o Brasil, Republicanos, caiu nas m\u00e3os deste segundo. Segundo a senadora Teresa Leit\u00e3o que participou de uma reuni\u00e3o com o Conselho Pol\u00edtico de Lula, o comando vai mesmo ficar com o PT.<\/p>\n<p><b>Indo por cima &#8211;<\/b>\u00a0A ex-deputada federal Mar\u00edlia Arraes n\u00e3o perdeu tempo e tratou de ir a Bras\u00edlia em busca de espa\u00e7o no Governo. Quem est\u00e1 tratando direto da ida de Mar\u00edlia para a Sudene \u00e9 o presidente nacional do Solidariedade, Paulinho da For\u00e7a. A ex-deputada tamb\u00e9m tem mantido encontros com ministros de Lula.<\/p>\n<p><b>Visita &#8211;<\/b>\u00a0O prefeito do Recife, Jo\u00e3o Campos, recebeu ontem o ministro de Portos e Aeroportos, M\u00e1rcio Fran\u00e7a, que \u00e9 um dos quadros do PSB nacional. O ministro fez uma visita t\u00e9cnica ao Aeroporto\u00a0dos Guararapes\/Gilberto Freyre. &#8221;\u00a0M\u00e1rcio est\u00e1 muito atento e comprometido em melhorar a infraestrutura da nossa malha a\u00e9rea&#8221; disse Jo\u00e3o Campos.<\/p>\n<p><b>Agenda &#8211;\u00a0<\/b>A governadora Raquel Lyra (PSDB) recebe hoje no Pal\u00e1cio do Campo das Princesas\u00a0o ministro de Portos e Aeroportos, M\u00e1rcio Fran\u00e7a. Os dois estar\u00e3o reunidos ao meio-dia. Esta \u00e9 a primeira visita de Fran\u00e7a a Pernambuco depois de ter assumido o Minist\u00e9rio.<\/p>\n<p><b>Raul &#8211;\u00a0<\/b>O presidente nacional do MDB indicou o ex-deputado federal Raul Henry para comandar a Sudene. O pedido para a indica\u00e7\u00e3o da Sudene partiu do pr\u00f3prio Raul Henry.<\/p>\n<\/div>\n","protected":false},"excerpt":{"rendered":"<p>blog do FinFa Audi&ecirc;ncia P&uacute;blica&nbsp;&ndash; O Governo Municipal de Flores, realiza nesta quinta-feia (16), &agrave;s 9 horas, na C&acirc;mara de Vereadores, Audi&ecirc;ncia P&uacute;blica para demonstrar, avaliar e apresentar as a&ccedil;&otilde;es e servi&ccedil;os da sa&uacute;de, referentes ao terceiro quadrimestre do exerc&iacute;cio de 2022.&rdquo;Mais uma a&ccedil;&atilde;o do nosso governo na busca que a popula&ccedil;&atilde;o tome conhecimento de &#8230; <a title=\"| | | | \u2013 Giro pelos Blog\u2019S quinta-feira (16\/02\/2023) \u2013 | | | |\" class=\"read-more\" href=\"https:\/\/blogdomarcellopatriota.com.br\/blog\/giro-pelos-blogs-sexta-feira-16-02-2023\/\" aria-label=\"Read more about | | | | \u2013 Giro pelos Blog\u2019S quinta-feira (16\/02\/2023) \u2013 | | | |\">Ler mais<\/a><\/p>\n","protected":false},"author":2,"featured_media":0,"comment_status":"closed","ping_status":"closed","sticky":false,"template":"","format":"standard","meta":{"footnotes":""},"categories":[1],"tags":[],"class_list":["post-69164","post","type-post","status-publish","format-standard","hentry","category-sem-categoria"],"_links":{"self":[{"href":"https:\/\/blogdomarcellopatriota.com.br\/blog\/wp-json\/wp\/v2\/posts\/69164","targetHints":{"allow":["GET"]}}],"collection":[{"href":"https:\/\/blogdomarcellopatriota.com.br\/blog\/wp-json\/wp\/v2\/posts"}],"about":[{"href":"https:\/\/blogdomarcellopatriota.com.br\/blog\/wp-json\/wp\/v2\/types\/post"}],"author":[{"embeddable":true,"href":"https:\/\/blogdomarcellopatriota.com.br\/blog\/wp-json\/wp\/v2\/users\/2"}],"replies":[{"embeddable":true,"href":"https:\/\/blogdomarcellopatriota.com.br\/blog\/wp-json\/wp\/v2\/comments?post=69164"}],"version-history":[{"count":9,"href":"https:\/\/blogdomarcellopatriota.com.br\/blog\/wp-json\/wp\/v2\/posts\/69164\/revisions"}],"predecessor-version":[{"id":69232,"href":"https:\/\/blogdomarcellopatriota.com.br\/blog\/wp-json\/wp\/v2\/posts\/69164\/revisions\/69232"}],"wp:attachment":[{"href":"https:\/\/blogdomarcellopatriota.com.br\/blog\/wp-json\/wp\/v2\/media?parent=69164"}],"wp:term":[{"taxonomy":"category","embeddable":true,"href":"https:\/\/blogdomarcellopatriota.com.br\/blog\/wp-json\/wp\/v2\/categories?post=69164"},{"taxonomy":"post_tag","embeddable":true,"href":"https:\/\/blogdomarcellopatriota.com.br\/blog\/wp-json\/wp\/v2\/tags?post=69164"}],"curies":[{"name":"wp","href":"https:\/\/api.w.org\/{rel}","templated":true}]}}