{"id":69173,"date":"2023-02-16T13:44:39","date_gmt":"2023-02-16T16:44:39","guid":{"rendered":"https:\/\/blogdomarcellopatriota.com.br\/blog\/?p=69173"},"modified":"2023-02-16T13:44:39","modified_gmt":"2023-02-16T16:44:39","slug":"jose-patriota-celebra-manutencao-do-sisar","status":"publish","type":"post","link":"https:\/\/blogdomarcellopatriota.com.br\/blog\/jose-patriota-celebra-manutencao-do-sisar\/","title":{"rendered":"Jos\u00e9 Patriota celebra manuten\u00e7\u00e3o do Sisar"},"content":{"rendered":"<p><b><i><img fetchpriority=\"high\" decoding=\"async\" class=\"alignleft wp-image-251991 jetpack-lazy-image jetpack-lazy-image--handled\" src=\"https:\/\/i2.wp.com\/nilljunior.com.br\/wp-content\/uploads\/2023\/02\/Foto-Patriota-Secretaria-de-Recursos-H%C3%ADdricos-e-Saneamento.jpg?resize=400%2C300&amp;ssl=1\" sizes=\"(max-width: 400px) 100vw, 400px\" srcset=\"https:\/\/i2.wp.com\/nilljunior.com.br\/wp-content\/uploads\/2023\/02\/Foto-Patriota-Secretaria-de-Recursos-H\u00eddricos-e-Saneamento.jpg?w=1292&amp;ssl=1 1292w, https:\/\/i2.wp.com\/nilljunior.com.br\/wp-content\/uploads\/2023\/02\/Foto-Patriota-Secretaria-de-Recursos-H\u00eddricos-e-Saneamento.jpg?resize=300%2C225&amp;ssl=1 300w, https:\/\/i2.wp.com\/nilljunior.com.br\/wp-content\/uploads\/2023\/02\/Foto-Patriota-Secretaria-de-Recursos-H\u00eddricos-e-Saneamento.jpg?resize=768%2C576&amp;ssl=1 768w, https:\/\/i2.wp.com\/nilljunior.com.br\/wp-content\/uploads\/2023\/02\/Foto-Patriota-Secretaria-de-Recursos-H\u00eddricos-e-Saneamento.jpg?resize=533%2C400&amp;ssl=1 533w\" alt=\"\" width=\"400\" height=\"300\" data-attachment-id=\"251991\" data-permalink=\"https:\/\/nilljunior.com.br\/jose-patriota-celebra-manutencao-do-sisar\/foto-patriota-secretaria-de-recursos-hidricos-e-saneamento\/\" data-orig-file=\"https:\/\/i2.wp.com\/nilljunior.com.br\/wp-content\/uploads\/2023\/02\/Foto-Patriota-Secretaria-de-Recursos-H\u00eddricos-e-Saneamento.jpg?fit=1292%2C969&amp;ssl=1\" data-orig-size=\"1292,969\" data-comments-opened=\"1\" data-image-meta=\"{&quot;aperture&quot;:&quot;0&quot;,&quot;credit&quot;:&quot;&quot;,&quot;camera&quot;:&quot;&quot;,&quot;caption&quot;:&quot;&quot;,&quot;created_timestamp&quot;:&quot;0&quot;,&quot;copyright&quot;:&quot;&quot;,&quot;focal_length&quot;:&quot;0&quot;,&quot;iso&quot;:&quot;0&quot;,&quot;shutter_speed&quot;:&quot;0&quot;,&quot;title&quot;:&quot;&quot;,&quot;orientation&quot;:&quot;0&quot;}\" data-image-title=\"Foto Patriota \u2013 Secretaria de Recursos H\u00eddricos e Saneamento\" data-image-description=\"\" data-medium-file=\"https:\/\/i2.wp.com\/nilljunior.com.br\/wp-content\/uploads\/2023\/02\/Foto-Patriota-Secretaria-de-Recursos-H\u00eddricos-e-Saneamento.jpg?fit=300%2C225&amp;ssl=1\" data-large-file=\"https:\/\/i2.wp.com\/nilljunior.com.br\/wp-content\/uploads\/2023\/02\/Foto-Patriota-Secretaria-de-Recursos-H\u00eddricos-e-Saneamento.jpg?fit=533%2C400&amp;ssl=1\" data-recalc-dims=\"1\" data-lazy-loaded=\"1\" \/>Em visita \u00e0 Secretaria de Recursos H\u00eddricos, deputado tamb\u00e9m apresentou proposta para gest\u00e3o racional do uso de \u00e1gua tratada<\/i><\/b><\/p>\n<p>Em visita \u00e0 Secretaria de Estado de Recursos H\u00eddricos e Saneamento, o deputado estadual Jos\u00e9 Patriota (PSB) conversou com o secret\u00e1rio Almir Cirilo e sua equipe t\u00e9cnica. A pauta foi uma conversa sobre o Sistema Integrado de Saneamento Rural (Sisar) e inova\u00e7\u00f5es tecnol\u00f3gicas para o controle do desperd\u00edcio de \u00e1gua no estado.<\/p>\n<p>Na conversa, o deputado teve a confirma\u00e7\u00e3o pelo secret\u00e1rio de Cirilo de que o Sisar seguir\u00e1 como pol\u00edtica p\u00fablica do estado. \u201cFiquei muito feliz pela continuidade e fortalecimento do programa, que tem um aporte de 500 milh\u00f5es a ser feito em Pernambuco. Ele \u00e9 muito importante, j\u00e1 que garante o saneamento das zonas rurais pernambucanas\u201d, afirmou Patriota.<\/p>\n<p>O presidente da Associa\u00e7\u00e3o Municipalista de Pernambuco (Amupe) e ex-prefeito de Afogados da Ingazeira, tamb\u00e9m falou sobre a experi\u00eancia inovadora que observou em Portugal, na cidade de Figueira da Foz, sobre o controle racional do uso da \u00e1gua tratada e discutiu as possibilidades de aplicar o projeto em Pernambuco.<\/p>\n<p>\u201cNossa atua\u00e7\u00e3o \u00e9 para fazer a popula\u00e7\u00e3o do estado ser melhor atendida em todos os aspectos e que as pol\u00edticas p\u00fablicas cheguem de fato na casa das pessoas\u201d, declarou.<\/p>\n","protected":false},"excerpt":{"rendered":"<p>Em visita &agrave; Secretaria de Recursos H&iacute;dricos, deputado tamb&eacute;m apresentou proposta para gest&atilde;o racional do uso de &aacute;gua tratada Em visita &agrave; Secretaria de Estado de Recursos H&iacute;dricos e Saneamento, o deputado estadual Jos&eacute; Patriota (PSB) conversou com o secret&aacute;rio Almir Cirilo e sua equipe t&eacute;cnica. A pauta foi uma conversa sobre o Sistema Integrado &#8230; <a title=\"Jos\u00e9 Patriota celebra manuten\u00e7\u00e3o do Sisar\" class=\"read-more\" href=\"https:\/\/blogdomarcellopatriota.com.br\/blog\/jose-patriota-celebra-manutencao-do-sisar\/\" aria-label=\"Read more about Jos\u00e9 Patriota celebra manuten\u00e7\u00e3o do Sisar\">Ler mais<\/a><\/p>\n","protected":false},"author":2,"featured_media":0,"comment_status":"closed","ping_status":"closed","sticky":false,"template":"","format":"standard","meta":{"footnotes":""},"categories":[1],"tags":[],"class_list":["post-69173","post","type-post","status-publish","format-standard","hentry","category-sem-categoria"],"_links":{"self":[{"href":"https:\/\/blogdomarcellopatriota.com.br\/blog\/wp-json\/wp\/v2\/posts\/69173","targetHints":{"allow":["GET"]}}],"collection":[{"href":"https:\/\/blogdomarcellopatriota.com.br\/blog\/wp-json\/wp\/v2\/posts"}],"about":[{"href":"https:\/\/blogdomarcellopatriota.com.br\/blog\/wp-json\/wp\/v2\/types\/post"}],"author":[{"embeddable":true,"href":"https:\/\/blogdomarcellopatriota.com.br\/blog\/wp-json\/wp\/v2\/users\/2"}],"replies":[{"embeddable":true,"href":"https:\/\/blogdomarcellopatriota.com.br\/blog\/wp-json\/wp\/v2\/comments?post=69173"}],"version-history":[{"count":1,"href":"https:\/\/blogdomarcellopatriota.com.br\/blog\/wp-json\/wp\/v2\/posts\/69173\/revisions"}],"predecessor-version":[{"id":69174,"href":"https:\/\/blogdomarcellopatriota.com.br\/blog\/wp-json\/wp\/v2\/posts\/69173\/revisions\/69174"}],"wp:attachment":[{"href":"https:\/\/blogdomarcellopatriota.com.br\/blog\/wp-json\/wp\/v2\/media?parent=69173"}],"wp:term":[{"taxonomy":"category","embeddable":true,"href":"https:\/\/blogdomarcellopatriota.com.br\/blog\/wp-json\/wp\/v2\/categories?post=69173"},{"taxonomy":"post_tag","embeddable":true,"href":"https:\/\/blogdomarcellopatriota.com.br\/blog\/wp-json\/wp\/v2\/tags?post=69173"}],"curies":[{"name":"wp","href":"https:\/\/api.w.org\/{rel}","templated":true}]}}