{"id":69177,"date":"2023-02-16T13:46:26","date_gmt":"2023-02-16T16:46:26","guid":{"rendered":"https:\/\/blogdomarcellopatriota.com.br\/blog\/?p=69177"},"modified":"2023-02-16T13:46:26","modified_gmt":"2023-02-16T16:46:26","slug":"prefeito-de-brejinho-vistoriou-obras-em-escolas-do-municipio","status":"publish","type":"post","link":"https:\/\/blogdomarcellopatriota.com.br\/blog\/prefeito-de-brejinho-vistoriou-obras-em-escolas-do-municipio\/","title":{"rendered":"Prefeito de Brejinho vistoriou obras em escolas do munic\u00edpio"},"content":{"rendered":"<div class=\"thumbnail\"><img fetchpriority=\"high\" decoding=\"async\" class=\"attachment-full  wp-post-image lazyloaded alignleft\" src=\"https:\/\/blogdoerbi.com.br\/wp-content\/uploads\/2023\/02\/bbb.png\" sizes=\"(max-width: 286px) 100vw, 286px\" srcset=\"https:\/\/blogdoerbi.com.br\/wp-content\/uploads\/2023\/02\/bbb.png 286w, https:\/\/blogdoerbi.com.br\/wp-content\/uploads\/2023\/02\/bbb-225x300.png 225w\" alt=\"Read more about the article Prefeito de Brejinho vistoriou obras em escolas do munic\u00edpio\" width=\"208\" height=\"278\" data-srcset=\"https:\/\/blogdoerbi.com.br\/wp-content\/uploads\/2023\/02\/bbb.png 286w, https:\/\/blogdoerbi.com.br\/wp-content\/uploads\/2023\/02\/bbb-225x300.png 225w\" data-src=\"https:\/\/blogdoerbi.com.br\/wp-content\/uploads\/2023\/02\/bbb.png\" data-sizes=\"(max-width: 286px) 100vw, 286px\" \/><span style=\"text-decoration: underline;\"><em><strong>BLOG DO ERBI |<\/strong><\/em><\/span> O prefeito Gilson Bento acompanhado de alguns secret\u00e1rios e diretores, vistoriou as obras de amplia\u00e7\u00e3o da Escola Municipal S\u00e3o Sebasti\u00e3o e a reforma da Escola de Educa\u00e7\u00e3o Infantil Manoel Teixeira de Carvalho. A visita aconteceu na manh\u00e3 dessa quarta (15).<\/div>\n<div class=\"blog-entry-summary clr\">\n<p>Oferecer um espa\u00e7o f\u00edsico adequado ajuda na melhora da qualidade da Educa\u00e7\u00e3o. Foi com esse objetivo que a Prefeitura de Brejinho vem investindo pesado da reestrutura\u00e7\u00e3o dos espa\u00e7os educacionais do munic\u00edpio, diz a Gest\u00e3o. Recebendo da melhor forma poss\u00edvel toda comunidade escolar, desde os alunos, at\u00e9 professores e funcion\u00e1rios<\/p>\n<\/div>\n","protected":false},"excerpt":{"rendered":"<p>BLOG DO ERBI | O prefeito Gilson Bento acompanhado de alguns secret&aacute;rios e diretores, vistoriou as obras de amplia&ccedil;&atilde;o da Escola Municipal S&atilde;o Sebasti&atilde;o e a reforma da Escola de Educa&ccedil;&atilde;o Infantil Manoel Teixeira de Carvalho. A visita aconteceu na manh&atilde; dessa quarta (15). Oferecer um espa&ccedil;o f&iacute;sico adequado ajuda na melhora da qualidade da &#8230; <a title=\"Prefeito de Brejinho vistoriou obras em escolas do munic\u00edpio\" class=\"read-more\" href=\"https:\/\/blogdomarcellopatriota.com.br\/blog\/prefeito-de-brejinho-vistoriou-obras-em-escolas-do-municipio\/\" aria-label=\"Read more about Prefeito de Brejinho vistoriou obras em escolas do munic\u00edpio\">Ler mais<\/a><\/p>\n","protected":false},"author":2,"featured_media":0,"comment_status":"closed","ping_status":"closed","sticky":false,"template":"","format":"standard","meta":{"footnotes":""},"categories":[1],"tags":[],"class_list":["post-69177","post","type-post","status-publish","format-standard","hentry","category-sem-categoria"],"_links":{"self":[{"href":"https:\/\/blogdomarcellopatriota.com.br\/blog\/wp-json\/wp\/v2\/posts\/69177","targetHints":{"allow":["GET"]}}],"collection":[{"href":"https:\/\/blogdomarcellopatriota.com.br\/blog\/wp-json\/wp\/v2\/posts"}],"about":[{"href":"https:\/\/blogdomarcellopatriota.com.br\/blog\/wp-json\/wp\/v2\/types\/post"}],"author":[{"embeddable":true,"href":"https:\/\/blogdomarcellopatriota.com.br\/blog\/wp-json\/wp\/v2\/users\/2"}],"replies":[{"embeddable":true,"href":"https:\/\/blogdomarcellopatriota.com.br\/blog\/wp-json\/wp\/v2\/comments?post=69177"}],"version-history":[{"count":1,"href":"https:\/\/blogdomarcellopatriota.com.br\/blog\/wp-json\/wp\/v2\/posts\/69177\/revisions"}],"predecessor-version":[{"id":69178,"href":"https:\/\/blogdomarcellopatriota.com.br\/blog\/wp-json\/wp\/v2\/posts\/69177\/revisions\/69178"}],"wp:attachment":[{"href":"https:\/\/blogdomarcellopatriota.com.br\/blog\/wp-json\/wp\/v2\/media?parent=69177"}],"wp:term":[{"taxonomy":"category","embeddable":true,"href":"https:\/\/blogdomarcellopatriota.com.br\/blog\/wp-json\/wp\/v2\/categories?post=69177"},{"taxonomy":"post_tag","embeddable":true,"href":"https:\/\/blogdomarcellopatriota.com.br\/blog\/wp-json\/wp\/v2\/tags?post=69177"}],"curies":[{"name":"wp","href":"https:\/\/api.w.org\/{rel}","templated":true}]}}