{"id":69181,"date":"2023-02-16T14:49:50","date_gmt":"2023-02-16T17:49:50","guid":{"rendered":"https:\/\/blogdomarcellopatriota.com.br\/blog\/?p=69181"},"modified":"2023-02-16T13:50:20","modified_gmt":"2023-02-16T16:50:20","slug":"tuparetama-reune-agricultores-para-discutir-fornecimento-de-alimentos-para-a-merenda-escolar","status":"publish","type":"post","link":"https:\/\/blogdomarcellopatriota.com.br\/blog\/tuparetama-reune-agricultores-para-discutir-fornecimento-de-alimentos-para-a-merenda-escolar\/","title":{"rendered":"Tuparetama re\u00fane agricultores para discutir fornecimento de alimentos para a merenda escolar"},"content":{"rendered":"<p><img fetchpriority=\"high\" decoding=\"async\" class=\"alignleft\" src=\"https:\/\/blogdoeuflavionunes.com\/wp-content\/uploads\/2023\/02\/329116106_883391502987184_1074134130858193261_n.jpg\" width=\"396\" height=\"249\" \/>A Prefeitura de Tuparetama, em parceria com a Secretaria Municipal de Educa\u00e7\u00e3o, renovou a parceria com os agricultores familiares para a aquisi\u00e7\u00e3o de alimentos do Programa Nacional de Alimenta\u00e7\u00e3o Escolar (PNAE).<\/p>\n<p>Em reuni\u00e3o com os 41 produtores rurais inscritos no programa, foram definidas as estrat\u00e9gias de distribui\u00e7\u00e3o dos alimentos que ser\u00e3o inclu\u00eddos na merenda das escolas da rede\u00a0municipal de ensino ao longo de 2023.<\/p>\n<p>O PNAE \u00e9 um programa muito importante, pois ajuda a garantir que os alunos tenham acesso a refei\u00e7\u00f5es saud\u00e1veis e equilibradas durante o ano letivo. Ao incluir alimentos produzidos no munic\u00edpio, o programa beneficia tanto a economia local quanto a sa\u00fade dos alunos.<\/p>\n","protected":false},"excerpt":{"rendered":"<p>A Prefeitura de Tuparetama, em parceria com a Secretaria Municipal de Educa&ccedil;&atilde;o, renovou a parceria com os agricultores familiares para a aquisi&ccedil;&atilde;o de alimentos do Programa Nacional de Alimenta&ccedil;&atilde;o Escolar (PNAE). Em reuni&atilde;o com os 41 produtores rurais inscritos no programa, foram definidas as estrat&eacute;gias de distribui&ccedil;&atilde;o dos alimentos que ser&atilde;o inclu&iacute;dos na merenda das &#8230; <a title=\"Tuparetama re\u00fane agricultores para discutir fornecimento de alimentos para a merenda escolar\" class=\"read-more\" href=\"https:\/\/blogdomarcellopatriota.com.br\/blog\/tuparetama-reune-agricultores-para-discutir-fornecimento-de-alimentos-para-a-merenda-escolar\/\" aria-label=\"Read more about Tuparetama re\u00fane agricultores para discutir fornecimento de alimentos para a merenda escolar\">Ler mais<\/a><\/p>\n","protected":false},"author":2,"featured_media":0,"comment_status":"closed","ping_status":"closed","sticky":false,"template":"","format":"standard","meta":{"footnotes":""},"categories":[1],"tags":[],"class_list":["post-69181","post","type-post","status-publish","format-standard","hentry","category-sem-categoria"],"_links":{"self":[{"href":"https:\/\/blogdomarcellopatriota.com.br\/blog\/wp-json\/wp\/v2\/posts\/69181","targetHints":{"allow":["GET"]}}],"collection":[{"href":"https:\/\/blogdomarcellopatriota.com.br\/blog\/wp-json\/wp\/v2\/posts"}],"about":[{"href":"https:\/\/blogdomarcellopatriota.com.br\/blog\/wp-json\/wp\/v2\/types\/post"}],"author":[{"embeddable":true,"href":"https:\/\/blogdomarcellopatriota.com.br\/blog\/wp-json\/wp\/v2\/users\/2"}],"replies":[{"embeddable":true,"href":"https:\/\/blogdomarcellopatriota.com.br\/blog\/wp-json\/wp\/v2\/comments?post=69181"}],"version-history":[{"count":1,"href":"https:\/\/blogdomarcellopatriota.com.br\/blog\/wp-json\/wp\/v2\/posts\/69181\/revisions"}],"predecessor-version":[{"id":69182,"href":"https:\/\/blogdomarcellopatriota.com.br\/blog\/wp-json\/wp\/v2\/posts\/69181\/revisions\/69182"}],"wp:attachment":[{"href":"https:\/\/blogdomarcellopatriota.com.br\/blog\/wp-json\/wp\/v2\/media?parent=69181"}],"wp:term":[{"taxonomy":"category","embeddable":true,"href":"https:\/\/blogdomarcellopatriota.com.br\/blog\/wp-json\/wp\/v2\/categories?post=69181"},{"taxonomy":"post_tag","embeddable":true,"href":"https:\/\/blogdomarcellopatriota.com.br\/blog\/wp-json\/wp\/v2\/tags?post=69181"}],"curies":[{"name":"wp","href":"https:\/\/api.w.org\/{rel}","templated":true}]}}