{"id":69183,"date":"2023-02-16T13:52:04","date_gmt":"2023-02-16T16:52:04","guid":{"rendered":"https:\/\/blogdomarcellopatriota.com.br\/blog\/?p=69183"},"modified":"2023-02-16T13:52:04","modified_gmt":"2023-02-16T16:52:04","slug":"prefeituras-de-afogados-e-carnaiba-inauguram-ponte-sobre-riacho-do-curral-velho","status":"publish","type":"post","link":"https:\/\/blogdomarcellopatriota.com.br\/blog\/prefeituras-de-afogados-e-carnaiba-inauguram-ponte-sobre-riacho-do-curral-velho\/","title":{"rendered":"Prefeituras de Afogados e Carna\u00edba inauguram ponte sobre riacho do Curral Velho"},"content":{"rendered":"<p><img fetchpriority=\"high\" decoding=\"async\" class=\"wp-image-127397  alignleft\" src=\"https:\/\/penoticias.com.br\/blog\/wp-content\/uploads\/2023\/02\/PE-Noticias-142-1024x682.jpg\" sizes=\"(max-width: 671px) 100vw, 671px\" srcset=\"https:\/\/penoticias.com.br\/blog\/wp-content\/uploads\/2023\/02\/PE-Noticias-142-1024x682.jpg 1024w, https:\/\/penoticias.com.br\/blog\/wp-content\/uploads\/2023\/02\/PE-Noticias-142-300x200.jpg 300w, https:\/\/penoticias.com.br\/blog\/wp-content\/uploads\/2023\/02\/PE-Noticias-142-768x512.jpg 768w, https:\/\/penoticias.com.br\/blog\/wp-content\/uploads\/2023\/02\/PE-Noticias-142-1536x1023.jpg 1536w, https:\/\/penoticias.com.br\/blog\/wp-content\/uploads\/2023\/02\/PE-Noticias-142.jpg 1600w\" alt=\"\" width=\"425\" height=\"283\" \/>Uma obra reivindicada h\u00e1 muito tempo pelos moradores de diversas comunidades rurais de Afogados da Ingazeira e do munic\u00edpio de Carna\u00edba foi entregue \u00e0 popula\u00e7\u00e3o na tarde desta quinta-feira (15): a ponte sobre o riacho do Curral Velho dos Pedros.<\/p>\n<p>A obra foi realizada numa parceria firmada entre as prefeituras dos dois munic\u00edpios a um custo de R$ 239 mil, dividido entre as duas gest\u00f5es. A ponte tem 40 metros de extens\u00e3o e conta com corrim\u00f5es nas laterais e ilumina\u00e7\u00e3o em\u00a0 Led, com bateria solar e sensor de presen\u00e7a.<\/p>\n<p>Ser\u00e3o beneficiadas mais de 100 fam\u00edlias, nas comunidades rurais de Col\u00f4nia, Riacho de Col\u00f4nia, Curral Velho dos Pedros, Curral Velho dos Ramos, dentre outras. O requerimento para a obra foi dos vereadores C\u00edcero Batista, por Carnaiba, e C\u00edcero Miguel, por Afogados. \u201cEssa \u00e9 uma obra grandiosa, n\u00e3o apenas em sua estrutura, mas tamb\u00e9m pelos in\u00fameros benef\u00edcios que traz para as fam\u00edlias das comunidades rurais dessa regi\u00e3o. Uma a\u00e7\u00e3o fruto do entendimento, da parceria. Juntos podemos sempre mais\u201d, destacou o prefeito de Carna\u00edba, Anchieta Patriota.<\/p>\n<p>Alessandro Palmeira falou sobre a import\u00e2ncia da parceria entre as prefeituras para solucionar problemas comuns, sobretudo em \u00e1reas de limite de munic\u00edpio. \u201cLogo quando fomos procurados, aceitei de imediato fazer essa parceria, que est\u00e1 trazendo tantos benef\u00edcios para a nossa popula\u00e7\u00e3o, que agora vai poder transitar sem obst\u00e1culos no per\u00edodo das chuvas, podendo escoar a sua produ\u00e7\u00e3o agr\u00edcola, ir para a escola em seguran\u00e7a, socorrer um doente com mais agilidade\u201d, destacou o prefeito de Afogados da Ingazeira.<\/p>\n<p>Essa foi a s\u00e9tima semana seguida de inaugura\u00e7\u00f5es e entregas realizada pelo prefeito Alessandro Palmeira, dentro da maratona que ele anunciou no in\u00edcio do ano, e que seguir\u00e1 at\u00e9 dezembro. O prefeito j\u00e1 determinou \u00e0 equipe de secret\u00e1rios o planejamento da pr\u00f3xima inaugura\u00e7\u00e3o, que dever\u00e1 ocorrer na sexta-feira ap\u00f3s o Carnaval.<\/p>\n<p>Al\u00e9m dos prefeitos de Afogados e Carna\u00edba; e os respectivos vices, Daniel Valadares e J\u00fanior de Mocinha; tamb\u00e9m compareceram os vereadores C\u00edcero Batista, Alex Mendes, Z\u00e9 Ivan e Isaquele Ribeiro, por Carna\u00edba; Cesar Ten\u00f3rio, Raimundo Lima, Cicero Miguel, Douglas Eletricista, e Agnaldo Rodrigues (Canc\u00e3o), por Afogados. Secret\u00e1rios municipais e moradores das duas cidades.<\/p>\n","protected":false},"excerpt":{"rendered":"<p>Uma obra reivindicada h&aacute; muito tempo pelos moradores de diversas comunidades rurais de Afogados da Ingazeira e do munic&iacute;pio de Carna&iacute;ba foi entregue &agrave; popula&ccedil;&atilde;o na tarde desta quinta-feira (15): a ponte sobre o riacho do Curral Velho dos Pedros. A obra foi realizada numa parceria firmada entre as prefeituras dos dois munic&iacute;pios a um &#8230; <a title=\"Prefeituras de Afogados e Carna\u00edba inauguram ponte sobre riacho do Curral Velho\" class=\"read-more\" href=\"https:\/\/blogdomarcellopatriota.com.br\/blog\/prefeituras-de-afogados-e-carnaiba-inauguram-ponte-sobre-riacho-do-curral-velho\/\" aria-label=\"Read more about Prefeituras de Afogados e Carna\u00edba inauguram ponte sobre riacho do Curral Velho\">Ler mais<\/a><\/p>\n","protected":false},"author":2,"featured_media":0,"comment_status":"closed","ping_status":"closed","sticky":false,"template":"","format":"standard","meta":{"footnotes":""},"categories":[1],"tags":[],"class_list":["post-69183","post","type-post","status-publish","format-standard","hentry","category-sem-categoria"],"_links":{"self":[{"href":"https:\/\/blogdomarcellopatriota.com.br\/blog\/wp-json\/wp\/v2\/posts\/69183","targetHints":{"allow":["GET"]}}],"collection":[{"href":"https:\/\/blogdomarcellopatriota.com.br\/blog\/wp-json\/wp\/v2\/posts"}],"about":[{"href":"https:\/\/blogdomarcellopatriota.com.br\/blog\/wp-json\/wp\/v2\/types\/post"}],"author":[{"embeddable":true,"href":"https:\/\/blogdomarcellopatriota.com.br\/blog\/wp-json\/wp\/v2\/users\/2"}],"replies":[{"embeddable":true,"href":"https:\/\/blogdomarcellopatriota.com.br\/blog\/wp-json\/wp\/v2\/comments?post=69183"}],"version-history":[{"count":1,"href":"https:\/\/blogdomarcellopatriota.com.br\/blog\/wp-json\/wp\/v2\/posts\/69183\/revisions"}],"predecessor-version":[{"id":69184,"href":"https:\/\/blogdomarcellopatriota.com.br\/blog\/wp-json\/wp\/v2\/posts\/69183\/revisions\/69184"}],"wp:attachment":[{"href":"https:\/\/blogdomarcellopatriota.com.br\/blog\/wp-json\/wp\/v2\/media?parent=69183"}],"wp:term":[{"taxonomy":"category","embeddable":true,"href":"https:\/\/blogdomarcellopatriota.com.br\/blog\/wp-json\/wp\/v2\/categories?post=69183"},{"taxonomy":"post_tag","embeddable":true,"href":"https:\/\/blogdomarcellopatriota.com.br\/blog\/wp-json\/wp\/v2\/tags?post=69183"}],"curies":[{"name":"wp","href":"https:\/\/api.w.org\/{rel}","templated":true}]}}