{"id":69185,"date":"2023-02-16T15:53:50","date_gmt":"2023-02-16T18:53:50","guid":{"rendered":"https:\/\/blogdomarcellopatriota.com.br\/blog\/?p=69185"},"modified":"2023-02-16T13:54:52","modified_gmt":"2023-02-16T16:54:52","slug":"mais-duas-jovens-itapetinenses-se-destacam-na-redacao-do-enem","status":"publish","type":"post","link":"https:\/\/blogdomarcellopatriota.com.br\/blog\/mais-duas-jovens-itapetinenses-se-destacam-na-redacao-do-enem\/","title":{"rendered":"Mais duas jovens itapetinenses se destacam na reda\u00e7\u00e3o do Enem"},"content":{"rendered":"<p><img fetchpriority=\"high\" decoding=\"async\" class=\"alignleft\" src=\"https:\/\/reporterdosertao.com\/hf-conteudo\/uploads\/posts\/2023\/02\/6359_b62f1702-6151-4d21-80f1-23377f9313c7-jpg.jpg\" alt=\"Alice (\u00e0 esquerda) e Hellen (\u00e0 direita), alcan\u00e7aram 940 e 900 pontos na reda\u00e7\u00e3o do Enem, respectivamente. Fotos: Arquivo pessoal das estudantes\" width=\"378\" height=\"263\" \/><\/p>\n<p>Depois da estudante Stephany Bianca Silva Lima, de 19 anos, e do estudante Antonio Felipe da Silva Fragoso, de 19 anos, que se destacaram na reda\u00e7\u00e3o do Exame Nacional do Ensino M\u00e9dio, ambos com 940 pontos, outras duas jovens itapetinenses tamb\u00e9m foram destaque na reda\u00e7\u00e3o do Enem 2022, que teve o resultado divulgado na \u00faltima quinta-feira (09). Alice Yumi de Sousa Hayakawa, de 18 anos, residente na Rua Dom Jos\u00e9 Lopes, Bairro Santo Ant\u00f4nio, alcan\u00e7ou a mesma pontua\u00e7\u00e3o de Stephany e Antonio. Ela disse ao Rep\u00f3rter do Sert\u00e3o que ficou surpresa e muito feliz com os 940 pontos obtidos na reda\u00e7\u00e3o, que trouxe como tema os &#8220;Desafios para a valoriza\u00e7\u00e3o de comunidades e povos tradicionais no Brasil&#8221;. &#8220;Fiquei numa felicidade sem limite, chorei, abracei minha m\u00e3e.\u00a0 Esperava, no m\u00e1ximo, uma pontua\u00e7\u00e3o de 800&#8221;, contou a estudante de escola p\u00fablica, que concluiu o ensino m\u00e9dio no ano passado na Escola de Refer\u00eancia em Ensino M\u00e9dio Teresa Torres, de Itapetim. Alice, filha de Maria de Lourdes Sousa Hayakawa e Roberto Yutaka Hayakawa, agora vai tentar a faculdade de Medicina Veterin\u00e1ria atrav\u00e9s do Sisu e do Prouni.<\/p>\n<p>Outro destaque foi a jovem Hellen Fernanda Lima Amaral, de 18 anos, filha da professora Eliane Rosa de Lima, residente na Rua Ant\u00f4nio Fortunato C\u00e2ndido, no Conjunto Habitacional Miguel Arraes de Alencar. Hellen, que concluiu o Ensino M\u00e9dio em 2022, tamb\u00e9m na Erem Teresa Torres, fez 900 pontos na reda\u00e7\u00e3o, resultado que a deixou bastante satisfeita. O desejo da estudante \u00e9 cursar Letras e vai tentar uma vaga no Sisu.<\/p>\n<p>&#8220;Estou bem satisfeita com a nota. O resultado n\u00e3o era esperado, pois tive muitos receios em rela\u00e7\u00e3o \u00e0 reda\u00e7\u00e3o. Mas no final me surpreendi, afinal, sempre tive o desejo de cursar Letras. Vou tentar entrar pelo Sisu&#8221;, disse.<\/p>\n<p>Fernanda e Alice fizeram o Enem pela primeira vez.<\/p>\n","protected":false},"excerpt":{"rendered":"<p>Depois da estudante Stephany Bianca Silva Lima, de 19 anos, e do estudante Antonio Felipe da Silva Fragoso, de 19 anos, que se destacaram na reda&ccedil;&atilde;o do Exame Nacional do Ensino M&eacute;dio, ambos com 940 pontos, outras duas jovens itapetinenses tamb&eacute;m foram destaque na reda&ccedil;&atilde;o do Enem 2022, que teve o resultado divulgado na &uacute;ltima &#8230; <a title=\"Mais duas jovens itapetinenses se destacam na reda\u00e7\u00e3o do Enem\" class=\"read-more\" href=\"https:\/\/blogdomarcellopatriota.com.br\/blog\/mais-duas-jovens-itapetinenses-se-destacam-na-redacao-do-enem\/\" aria-label=\"Read more about Mais duas jovens itapetinenses se destacam na reda\u00e7\u00e3o do Enem\">Ler mais<\/a><\/p>\n","protected":false},"author":2,"featured_media":0,"comment_status":"closed","ping_status":"closed","sticky":false,"template":"","format":"standard","meta":{"footnotes":""},"categories":[1],"tags":[],"class_list":["post-69185","post","type-post","status-publish","format-standard","hentry","category-sem-categoria"],"_links":{"self":[{"href":"https:\/\/blogdomarcellopatriota.com.br\/blog\/wp-json\/wp\/v2\/posts\/69185","targetHints":{"allow":["GET"]}}],"collection":[{"href":"https:\/\/blogdomarcellopatriota.com.br\/blog\/wp-json\/wp\/v2\/posts"}],"about":[{"href":"https:\/\/blogdomarcellopatriota.com.br\/blog\/wp-json\/wp\/v2\/types\/post"}],"author":[{"embeddable":true,"href":"https:\/\/blogdomarcellopatriota.com.br\/blog\/wp-json\/wp\/v2\/users\/2"}],"replies":[{"embeddable":true,"href":"https:\/\/blogdomarcellopatriota.com.br\/blog\/wp-json\/wp\/v2\/comments?post=69185"}],"version-history":[{"count":1,"href":"https:\/\/blogdomarcellopatriota.com.br\/blog\/wp-json\/wp\/v2\/posts\/69185\/revisions"}],"predecessor-version":[{"id":69186,"href":"https:\/\/blogdomarcellopatriota.com.br\/blog\/wp-json\/wp\/v2\/posts\/69185\/revisions\/69186"}],"wp:attachment":[{"href":"https:\/\/blogdomarcellopatriota.com.br\/blog\/wp-json\/wp\/v2\/media?parent=69185"}],"wp:term":[{"taxonomy":"category","embeddable":true,"href":"https:\/\/blogdomarcellopatriota.com.br\/blog\/wp-json\/wp\/v2\/categories?post=69185"},{"taxonomy":"post_tag","embeddable":true,"href":"https:\/\/blogdomarcellopatriota.com.br\/blog\/wp-json\/wp\/v2\/tags?post=69185"}],"curies":[{"name":"wp","href":"https:\/\/api.w.org\/{rel}","templated":true}]}}