{"id":69190,"date":"2023-02-16T15:18:35","date_gmt":"2023-02-16T18:18:35","guid":{"rendered":"https:\/\/blogdomarcellopatriota.com.br\/blog\/?p=69190"},"modified":"2023-02-16T16:03:18","modified_gmt":"2023-02-16T19:03:18","slug":"afofados-sandrinho-diz-que-mantera-estrategia-de-uma-entrega-por-semana","status":"publish","type":"post","link":"https:\/\/blogdomarcellopatriota.com.br\/blog\/afofados-sandrinho-diz-que-mantera-estrategia-de-uma-entrega-por-semana\/","title":{"rendered":"AFOGADOS | Sandrinho diz que manter\u00e1 estrat\u00e9gia de uma entrega por semana"},"content":{"rendered":"<figure id=\"attachment_251997\" aria-describedby=\"caption-attachment-251997\" style=\"width: 390px\" class=\"wp-caption alignleft\"><img fetchpriority=\"high\" decoding=\"async\" class=\"jetpack-lazy-image jetpack-lazy-image--handled wp-image-251997\" src=\"https:\/\/i1.wp.com\/nilljunior.com.br\/wp-content\/uploads\/2023\/02\/f0804db0-a047-4012-9ba6-f1968a97be25.jpg?resize=400%2C267&amp;ssl=1\" sizes=\"(max-width: 400px) 100vw, 400px\" srcset=\"https:\/\/i1.wp.com\/nilljunior.com.br\/wp-content\/uploads\/2023\/02\/f0804db0-a047-4012-9ba6-f1968a97be25.jpg?w=1600&amp;ssl=1 1600w, https:\/\/i1.wp.com\/nilljunior.com.br\/wp-content\/uploads\/2023\/02\/f0804db0-a047-4012-9ba6-f1968a97be25.jpg?resize=150%2C100&amp;ssl=1 150w, https:\/\/i1.wp.com\/nilljunior.com.br\/wp-content\/uploads\/2023\/02\/f0804db0-a047-4012-9ba6-f1968a97be25.jpg?resize=300%2C200&amp;ssl=1 300w, https:\/\/i1.wp.com\/nilljunior.com.br\/wp-content\/uploads\/2023\/02\/f0804db0-a047-4012-9ba6-f1968a97be25.jpg?resize=768%2C512&amp;ssl=1 768w, https:\/\/i1.wp.com\/nilljunior.com.br\/wp-content\/uploads\/2023\/02\/f0804db0-a047-4012-9ba6-f1968a97be25.jpg?resize=600%2C400&amp;ssl=1 600w\" alt=\"\" width=\"400\" height=\"267\" data-attachment-id=\"251997\" data-permalink=\"https:\/\/nilljunior.com.br\/sandrinho-diz-que-mantera-estrategia-de-uma-entrega-por-semana\/f0804db0-a047-4012-9ba6-f1968a97be25\/\" data-orig-file=\"https:\/\/i1.wp.com\/nilljunior.com.br\/wp-content\/uploads\/2023\/02\/f0804db0-a047-4012-9ba6-f1968a97be25.jpg?fit=1600%2C1066&amp;ssl=1\" data-orig-size=\"1600,1066\" data-comments-opened=\"1\" data-image-meta=\"{&quot;aperture&quot;:&quot;0&quot;,&quot;credit&quot;:&quot;&quot;,&quot;camera&quot;:&quot;&quot;,&quot;caption&quot;:&quot;&quot;,&quot;created_timestamp&quot;:&quot;0&quot;,&quot;copyright&quot;:&quot;&quot;,&quot;focal_length&quot;:&quot;0&quot;,&quot;iso&quot;:&quot;0&quot;,&quot;shutter_speed&quot;:&quot;0&quot;,&quot;title&quot;:&quot;&quot;,&quot;orientation&quot;:&quot;0&quot;}\" data-image-title=\"f0804db0-a047-4012-9ba6-f1968a97be25\" data-image-description=\"\" data-medium-file=\"https:\/\/i1.wp.com\/nilljunior.com.br\/wp-content\/uploads\/2023\/02\/f0804db0-a047-4012-9ba6-f1968a97be25.jpg?fit=300%2C200&amp;ssl=1\" data-large-file=\"https:\/\/i1.wp.com\/nilljunior.com.br\/wp-content\/uploads\/2023\/02\/f0804db0-a047-4012-9ba6-f1968a97be25.jpg?fit=600%2C400&amp;ssl=1\" data-recalc-dims=\"1\" data-lazy-loaded=\"1\" \/><figcaption id=\"caption-attachment-251997\" class=\"wp-caption-text\">(<em><strong>Foto: Cl\u00e1udio Gomes.<\/strong><\/em>)<\/figcaption><\/figure>\n<p><em><strong>Sobre sucess\u00e3o, Palmeira disse que n\u00e3o tratar\u00e1 do tema agora e que n\u00e3o aceitar\u00e1 press\u00f5es por antecipa\u00e7\u00e3o do debate\u00a0<\/strong><\/em><\/p>\n<p>O prefeito de Afogados da Ingazeira, Sandrinho Palmeira, disse hoje ao\u00a0<strong>Debate das Dez do programa Manh\u00e3 Total<\/strong>\u00a0que manter\u00e1 a estrat\u00e9gia de uma entrega por semana at\u00e9 dezembro desse ano.<\/p>\n<p>O gestor anunciou que at\u00e9 o final desse ciclo de gest\u00e3o ser\u00e3o cal\u00e7adas ou asfaltadas mais 64 ruas. \u201cQuando assumimos identificamos 160 ruas a cal\u00e7ar ou asfaltar em Afogados. Hoje s\u00e3o 126. Dessas ruas anunciadas, para 39 j\u00e1 temos o dinheiro\u201d, disse.<\/p>\n<p>A rela\u00e7\u00e3o indica ruas com fontes de conv\u00eanios e emendas garantidos, sem considerar as que ser\u00e3o feitas com recursos pr\u00f3prios, que n\u00e3o entraram na rela\u00e7\u00e3o. Ele esteve acompanhado do vice-prefeito, Daniel Valadares.<\/p>\n<p>O gestor garantiu que em mar\u00e7o inicia a obra da ponte que liga S\u00e3o Crist\u00f3v\u00e3o e Pacus ao S\u00e3o Francisco.\u00a0\u00a0Tamb\u00e9m prometeu resolver ainda este ano tr\u00eas gargalos da gest\u00e3o ainda esse ano: a entrega do\u00a0p\u00e1tio da feira, a municipaliza\u00e7\u00e3o do tr\u00e2nsito e o concurso p\u00fablico.<\/p>\n<p>Dentre outros an\u00fancios, o de que vai fazer em parceria com a prefeitura de carna\u00edba a ponte entre Alto Vermelho e Ibitiranga. Tamb\u00e9m revelou que projeta para o pr\u00e9dio do antigo a\u00e7ougue municipal a ocupa\u00e7\u00e3o da Secretaria de Sa\u00fade, economizando R$ 15 mil m\u00eas com aluguel.<\/p>\n<p>Outra queixa, da fonte da Pra\u00e7a Arruda C\u00e2mara. \u201cO conserto custar\u00e1 R$ 56 mil. Pedimos um or\u00e7amento para resolver e dar mais vida \u00fatil \u00e0 fonte\u201d, informou.<\/p>\n<p>Sobre sucess\u00e3o, Sandrinho Palmeira recuou em rela\u00e7\u00e3o \u00e0 uma fala anterior, quando j\u00e1 se assumiu candidato a reelei\u00e7\u00e3o. Disse que n\u00e3o vai ser colocado em canto de parede, ou seja, pressionado por ningu\u00e9m sobre o tema. Tamb\u00e9m que discutir a quest\u00e3o agora pode tirar o foco de sua gest\u00e3o.<\/p>\n","protected":false},"excerpt":{"rendered":"<p>Sobre sucess&atilde;o, Palmeira disse que n&atilde;o tratar&aacute; do tema agora e que n&atilde;o aceitar&aacute; press&otilde;es por antecipa&ccedil;&atilde;o do debate&nbsp; O prefeito de Afogados da Ingazeira, Sandrinho Palmeira, disse hoje ao&nbsp;Debate das Dez do programa Manh&atilde; Total&nbsp;que manter&aacute; a estrat&eacute;gia de uma entrega por semana at&eacute; dezembro desse ano. O gestor anunciou que at&eacute; o final &#8230; <a title=\"AFOGADOS | Sandrinho diz que manter\u00e1 estrat\u00e9gia de uma entrega por semana\" class=\"read-more\" href=\"https:\/\/blogdomarcellopatriota.com.br\/blog\/afofados-sandrinho-diz-que-mantera-estrategia-de-uma-entrega-por-semana\/\" aria-label=\"Read more about AFOGADOS | Sandrinho diz que manter\u00e1 estrat\u00e9gia de uma entrega por semana\">Ler mais<\/a><\/p>\n","protected":false},"author":2,"featured_media":0,"comment_status":"closed","ping_status":"closed","sticky":false,"template":"","format":"standard","meta":{"footnotes":""},"categories":[1],"tags":[],"class_list":["post-69190","post","type-post","status-publish","format-standard","hentry","category-sem-categoria"],"_links":{"self":[{"href":"https:\/\/blogdomarcellopatriota.com.br\/blog\/wp-json\/wp\/v2\/posts\/69190","targetHints":{"allow":["GET"]}}],"collection":[{"href":"https:\/\/blogdomarcellopatriota.com.br\/blog\/wp-json\/wp\/v2\/posts"}],"about":[{"href":"https:\/\/blogdomarcellopatriota.com.br\/blog\/wp-json\/wp\/v2\/types\/post"}],"author":[{"embeddable":true,"href":"https:\/\/blogdomarcellopatriota.com.br\/blog\/wp-json\/wp\/v2\/users\/2"}],"replies":[{"embeddable":true,"href":"https:\/\/blogdomarcellopatriota.com.br\/blog\/wp-json\/wp\/v2\/comments?post=69190"}],"version-history":[{"count":2,"href":"https:\/\/blogdomarcellopatriota.com.br\/blog\/wp-json\/wp\/v2\/posts\/69190\/revisions"}],"predecessor-version":[{"id":69200,"href":"https:\/\/blogdomarcellopatriota.com.br\/blog\/wp-json\/wp\/v2\/posts\/69190\/revisions\/69200"}],"wp:attachment":[{"href":"https:\/\/blogdomarcellopatriota.com.br\/blog\/wp-json\/wp\/v2\/media?parent=69190"}],"wp:term":[{"taxonomy":"category","embeddable":true,"href":"https:\/\/blogdomarcellopatriota.com.br\/blog\/wp-json\/wp\/v2\/categories?post=69190"},{"taxonomy":"post_tag","embeddable":true,"href":"https:\/\/blogdomarcellopatriota.com.br\/blog\/wp-json\/wp\/v2\/tags?post=69190"}],"curies":[{"name":"wp","href":"https:\/\/api.w.org\/{rel}","templated":true}]}}