{"id":69229,"date":"2023-02-17T00:09:50","date_gmt":"2023-02-17T03:09:50","guid":{"rendered":"https:\/\/blogdomarcellopatriota.com.br\/blog\/?p=69229"},"modified":"2023-02-17T08:54:37","modified_gmt":"2023-02-17T11:54:37","slug":"69229-2","status":"publish","type":"post","link":"https:\/\/blogdomarcellopatriota.com.br\/blog\/69229-2\/","title":{"rendered":"| | | | \u2013 Giro pelos Blog\u2019S Sexta-feira (17\/02\/2023) \u2013 | | | |"},"content":{"rendered":"<p><em><span style=\"font-size: 36pt;\">blog do FinFa<\/span><\/em><\/p>\n<p><strong><img fetchpriority=\"high\" decoding=\"async\" class=\"aligncenter size-full wp-image-232486 jetpack-lazy-image jetpack-lazy-image--handled\" src=\"https:\/\/blogdofinfa.com.br\/wp-content\/uploads\/2023\/02\/marcia-3.png\" sizes=\"(max-width: 400px) 100vw, 400px\" srcset=\"https:\/\/blogdofinfa.com.br\/wp-content\/uploads\/2023\/02\/marcia-3.png 400w, https:\/\/blogdofinfa.com.br\/wp-content\/uploads\/2023\/02\/marcia-3-280x300.png 280w, https:\/\/blogdofinfa.com.br\/wp-content\/uploads\/2023\/02\/marcia-3-200x215.png 200w, https:\/\/blogdofinfa.com.br\/wp-content\/uploads\/2023\/02\/marcia-3-22x24.png 22w, https:\/\/blogdofinfa.com.br\/wp-content\/uploads\/2023\/02\/marcia-3-34x36.png 34w, https:\/\/blogdofinfa.com.br\/wp-content\/uploads\/2023\/02\/marcia-3-45x48.png 45w\" alt=\"\" width=\"400\" height=\"429\" data-attachment-id=\"232486\" data-permalink=\"https:\/\/blogdofinfa.com.br\/2023\/02\/coluna-do-finfa-1980.html\/marcia-92\" data-orig-file=\"https:\/\/blogdofinfa.com.br\/wp-content\/uploads\/2023\/02\/marcia-3.png\" data-orig-size=\"400,429\" data-comments-opened=\"1\" data-image-meta=\"{&quot;aperture&quot;:&quot;0&quot;,&quot;credit&quot;:&quot;&quot;,&quot;camera&quot;:&quot;&quot;,&quot;caption&quot;:&quot;&quot;,&quot;created_timestamp&quot;:&quot;0&quot;,&quot;copyright&quot;:&quot;&quot;,&quot;focal_length&quot;:&quot;0&quot;,&quot;iso&quot;:&quot;0&quot;,&quot;shutter_speed&quot;:&quot;0&quot;,&quot;title&quot;:&quot;&quot;,&quot;orientation&quot;:&quot;0&quot;}\" data-image-title=\"marcia\" data-image-description=\"\" data-image-caption=\"\" data-medium-file=\"https:\/\/blogdofinfa.com.br\/wp-content\/uploads\/2023\/02\/marcia-3-280x300.png\" data-large-file=\"https:\/\/blogdofinfa.com.br\/wp-content\/uploads\/2023\/02\/marcia-3.png\" data-lazy-loaded=\"1\" \/>Reunida com deputado<\/strong>\u00a0\u2013 A prefeita de Serra Talhada, esteve na tarde desta quinta-feira (16), reunida com o deputado federal, Fernando Monteiro, para apresentar o planejamento das a\u00e7\u00f5es neste ano de 2023. Segundo a prefeita, a not\u00edcia boa para os serra-talhadenses \u00e9 que o deputado Fernando Monteiro, j\u00e1 garantiu emendas para a sa\u00fade, infraestrutura e educa\u00e7\u00e3o.\u00a0<em>\u201cS\u00e3o not\u00edcias como estas que fortalecem nossa parceria e me deixam ainda mais animada para continuarmos firmes com o trabalho. Ao deputado federal, Fernando Monteiro, s\u00f3 posso agradecer em nome do povo de Serra Talhada\u201d,<\/em>\u00a0disse a prefeita M\u00e1rcia.<img decoding=\"async\" class=\"aligncenter size-large wp-image-232484 jetpack-lazy-image jetpack-lazy-image--handled\" src=\"https:\/\/blogdofinfa.com.br\/wp-content\/uploads\/2023\/02\/iza-800x600.jpg\" sizes=\"(max-width: 600px) 100vw, 600px\" srcset=\"https:\/\/blogdofinfa.com.br\/wp-content\/uploads\/2023\/02\/iza-800x600.jpg 800w, https:\/\/blogdofinfa.com.br\/wp-content\/uploads\/2023\/02\/iza-300x225.jpg 300w, https:\/\/blogdofinfa.com.br\/wp-content\/uploads\/2023\/02\/iza-768x576.jpg 768w, https:\/\/blogdofinfa.com.br\/wp-content\/uploads\/2023\/02\/iza-1536x1152.jpg 1536w, https:\/\/blogdofinfa.com.br\/wp-content\/uploads\/2023\/02\/iza-200x150.jpg 200w, https:\/\/blogdofinfa.com.br\/wp-content\/uploads\/2023\/02\/iza-24x18.jpg 24w, https:\/\/blogdofinfa.com.br\/wp-content\/uploads\/2023\/02\/iza-36x27.jpg 36w, https:\/\/blogdofinfa.com.br\/wp-content\/uploads\/2023\/02\/iza-48x36.jpg 48w, https:\/\/blogdofinfa.com.br\/wp-content\/uploads\/2023\/02\/iza.jpg 2048w\" alt=\"\" width=\"600\" height=\"450\" data-attachment-id=\"232484\" data-permalink=\"https:\/\/blogdofinfa.com.br\/2023\/02\/coluna-do-finfa-1980.html\/iza-12\" data-orig-file=\"https:\/\/blogdofinfa.com.br\/wp-content\/uploads\/2023\/02\/iza.jpg\" data-orig-size=\"2048,1536\" data-comments-opened=\"1\" data-image-meta=\"{&quot;aperture&quot;:&quot;0&quot;,&quot;credit&quot;:&quot;&quot;,&quot;camera&quot;:&quot;&quot;,&quot;caption&quot;:&quot;&quot;,&quot;created_timestamp&quot;:&quot;0&quot;,&quot;copyright&quot;:&quot;&quot;,&quot;focal_length&quot;:&quot;0&quot;,&quot;iso&quot;:&quot;0&quot;,&quot;shutter_speed&quot;:&quot;0&quot;,&quot;title&quot;:&quot;&quot;,&quot;orientation&quot;:&quot;0&quot;}\" data-image-title=\"iza\" data-image-description=\"\" data-image-caption=\"\" data-medium-file=\"https:\/\/blogdofinfa.com.br\/wp-content\/uploads\/2023\/02\/iza-300x225.jpg\" data-large-file=\"https:\/\/blogdofinfa.com.br\/wp-content\/uploads\/2023\/02\/iza-800x600.jpg\" data-lazy-loaded=\"1\" \/><img decoding=\"async\" class=\"aligncenter size-large wp-image-232485 jetpack-lazy-image jetpack-lazy-image--handled\" src=\"https:\/\/blogdofinfa.com.br\/wp-content\/uploads\/2023\/02\/iza1-800x600.jpg\" sizes=\"(max-width: 600px) 100vw, 600px\" srcset=\"https:\/\/blogdofinfa.com.br\/wp-content\/uploads\/2023\/02\/iza1-800x600.jpg 800w, https:\/\/blogdofinfa.com.br\/wp-content\/uploads\/2023\/02\/iza1-300x225.jpg 300w, https:\/\/blogdofinfa.com.br\/wp-content\/uploads\/2023\/02\/iza1-768x576.jpg 768w, https:\/\/blogdofinfa.com.br\/wp-content\/uploads\/2023\/02\/iza1-1536x1152.jpg 1536w, https:\/\/blogdofinfa.com.br\/wp-content\/uploads\/2023\/02\/iza1-200x150.jpg 200w, https:\/\/blogdofinfa.com.br\/wp-content\/uploads\/2023\/02\/iza1-24x18.jpg 24w, https:\/\/blogdofinfa.com.br\/wp-content\/uploads\/2023\/02\/iza1-36x27.jpg 36w, https:\/\/blogdofinfa.com.br\/wp-content\/uploads\/2023\/02\/iza1-48x36.jpg 48w, https:\/\/blogdofinfa.com.br\/wp-content\/uploads\/2023\/02\/iza1.jpg 2048w\" alt=\"\" width=\"600\" height=\"450\" data-attachment-id=\"232485\" data-permalink=\"https:\/\/blogdofinfa.com.br\/2023\/02\/coluna-do-finfa-1980.html\/iza1-5\" data-orig-file=\"https:\/\/blogdofinfa.com.br\/wp-content\/uploads\/2023\/02\/iza1.jpg\" data-orig-size=\"2048,1536\" data-comments-opened=\"1\" data-image-meta=\"{&quot;aperture&quot;:&quot;0&quot;,&quot;credit&quot;:&quot;&quot;,&quot;camera&quot;:&quot;&quot;,&quot;caption&quot;:&quot;&quot;,&quot;created_timestamp&quot;:&quot;0&quot;,&quot;copyright&quot;:&quot;&quot;,&quot;focal_length&quot;:&quot;0&quot;,&quot;iso&quot;:&quot;0&quot;,&quot;shutter_speed&quot;:&quot;0&quot;,&quot;title&quot;:&quot;&quot;,&quot;orientation&quot;:&quot;0&quot;}\" data-image-title=\"iza1\" data-image-description=\"\" data-image-caption=\"\" data-medium-file=\"https:\/\/blogdofinfa.com.br\/wp-content\/uploads\/2023\/02\/iza1-300x225.jpg\" data-large-file=\"https:\/\/blogdofinfa.com.br\/wp-content\/uploads\/2023\/02\/iza1-800x600.jpg\" data-lazy-loaded=\"1\" \/><\/p>\n<p><strong>Na entrega<\/strong> \u2013 A deputada federal Iza Arruda (MDB), participou nesta quinta-feira (16), da entrega ao munic\u00edpio da Vit\u00f3ria de Santo Ant\u00e3o, de 10 ambul\u00e2ncias, 01 unidade m\u00f3vel de sa\u00fade m\u00f3vel e tablets para os agentes comunit\u00e1rios de sa\u00fade. \u201d\u00c9 a sa\u00fade de Vit\u00f3ria avan\u00e7ando, para cada vez mais proporcionar melhorias para os Vitorienses<em>.\u201dParab\u00e9ns ao prefeito Paulo Roberto ao vice prefeito Edmo Neves ao secret\u00e1rio de sa\u00fade Alex Vasconcelos, a secret\u00e1ria executiva e a todos que comp\u00f5em a equipe de sa\u00fade, pela disposi\u00e7\u00e3o e responsabilidade com a sa\u00fade do munic\u00edpio\u201d,<\/em>\u00a0disse a parlamentar.<img loading=\"lazy\" decoding=\"async\" class=\"aligncenter size-large wp-image-232488 jetpack-lazy-image jetpack-lazy-image--handled\" src=\"https:\/\/blogdofinfa.com.br\/wp-content\/uploads\/2023\/02\/torres-600x600.jpg\" sizes=\"(max-width: 600px) 100vw, 600px\" srcset=\"https:\/\/blogdofinfa.com.br\/wp-content\/uploads\/2023\/02\/torres-600x600.jpg 600w, https:\/\/blogdofinfa.com.br\/wp-content\/uploads\/2023\/02\/torres-300x300.jpg 300w, https:\/\/blogdofinfa.com.br\/wp-content\/uploads\/2023\/02\/torres-150x150.jpg 150w, https:\/\/blogdofinfa.com.br\/wp-content\/uploads\/2023\/02\/torres-768x768.jpg 768w, https:\/\/blogdofinfa.com.br\/wp-content\/uploads\/2023\/02\/torres-200x200.jpg 200w, https:\/\/blogdofinfa.com.br\/wp-content\/uploads\/2023\/02\/torres-24x24.jpg 24w, https:\/\/blogdofinfa.com.br\/wp-content\/uploads\/2023\/02\/torres-36x36.jpg 36w, https:\/\/blogdofinfa.com.br\/wp-content\/uploads\/2023\/02\/torres-48x48.jpg 48w, https:\/\/blogdofinfa.com.br\/wp-content\/uploads\/2023\/02\/torres.jpg 960w\" alt=\"\" width=\"600\" height=\"600\" data-attachment-id=\"232488\" data-permalink=\"https:\/\/blogdofinfa.com.br\/2023\/02\/coluna-do-finfa-1980.html\/torres-47\" data-orig-file=\"https:\/\/blogdofinfa.com.br\/wp-content\/uploads\/2023\/02\/torres.jpg\" data-orig-size=\"960,960\" data-comments-opened=\"1\" data-image-meta=\"{&quot;aperture&quot;:&quot;0&quot;,&quot;credit&quot;:&quot;&quot;,&quot;camera&quot;:&quot;&quot;,&quot;caption&quot;:&quot;&quot;,&quot;created_timestamp&quot;:&quot;0&quot;,&quot;copyright&quot;:&quot;&quot;,&quot;focal_length&quot;:&quot;0&quot;,&quot;iso&quot;:&quot;0&quot;,&quot;shutter_speed&quot;:&quot;0&quot;,&quot;title&quot;:&quot;&quot;,&quot;orientation&quot;:&quot;0&quot;}\" data-image-title=\"torres\" data-image-description=\"\" data-image-caption=\"\" data-medium-file=\"https:\/\/blogdofinfa.com.br\/wp-content\/uploads\/2023\/02\/torres-300x300.jpg\" data-large-file=\"https:\/\/blogdofinfa.com.br\/wp-content\/uploads\/2023\/02\/torres-600x600.jpg\" data-lazy-loaded=\"1\" \/><\/p>\n<p><strong>Participou<\/strong> \u2013 O prefeito da Ingazeira, Luciano Torres, participou na \u00faltima quarta-feira (15), acompanhado da secret\u00e1ria Municipal de Sa\u00fade, Fabiano Torres, Gerente X-GERES Mary Delanea Pinheiro, diretora Maria Ines, secret\u00e1ria Ieda Freire e secret\u00e1ria de assist\u00eancia social Iara Pires, juntamente com nossa coordenadora PNI Edilene Beserra, da a\u00e7\u00e3o realizada na Escola Argemiro Ferreira Veras,onde houve a avalia\u00e7\u00e3o dos cart\u00f5es de vacina dos alunos, na oportunidade foi realizada a vacina\u00e7\u00e3o em cart\u00f5es em atraso de todos os alunos.<\/p>\n<p><strong>Decretou ponto facultativo<\/strong>\u00a0\u2013 Emmanuel Fernandes (Manuca), decretou nesta quinta-feira (16), Ponto facultativo nas Reparti\u00e7\u00f5es P\u00fablicas Municipais no dia 22 de fevereiro de 2023 (quarta-feira de cinzas), este decreto n\u00e3o se aplica \u00e0s atividades de emerg\u00eancia do setor p\u00fablico, tais como sa\u00fade, limpeza p\u00fablica e outras assim consideradas, que atender\u00e3o em sistema de plant\u00e3o.<\/p>\n<p><strong><img loading=\"lazy\" decoding=\"async\" class=\"alignleft wp-image-232489 jetpack-lazy-image jetpack-lazy-image--handled\" src=\"https:\/\/blogdofinfa.com.br\/wp-content\/uploads\/2023\/02\/vitoria.png\" sizes=\"(max-width: 340px) 100vw, 340px\" srcset=\"https:\/\/blogdofinfa.com.br\/wp-content\/uploads\/2023\/02\/vitoria.png 399w, https:\/\/blogdofinfa.com.br\/wp-content\/uploads\/2023\/02\/vitoria-237x300.png 237w, https:\/\/blogdofinfa.com.br\/wp-content\/uploads\/2023\/02\/vitoria-200x254.png 200w, https:\/\/blogdofinfa.com.br\/wp-content\/uploads\/2023\/02\/vitoria-19x24.png 19w, https:\/\/blogdofinfa.com.br\/wp-content\/uploads\/2023\/02\/vitoria-28x36.png 28w, https:\/\/blogdofinfa.com.br\/wp-content\/uploads\/2023\/02\/vitoria-38x48.png 38w\" alt=\"\" width=\"340\" height=\"431\" data-attachment-id=\"232489\" data-permalink=\"https:\/\/blogdofinfa.com.br\/2023\/02\/coluna-do-finfa-1980.html\/vitoria-16\" data-orig-file=\"https:\/\/blogdofinfa.com.br\/wp-content\/uploads\/2023\/02\/vitoria.png\" data-orig-size=\"399,506\" data-comments-opened=\"1\" data-image-meta=\"{&quot;aperture&quot;:&quot;0&quot;,&quot;credit&quot;:&quot;&quot;,&quot;camera&quot;:&quot;&quot;,&quot;caption&quot;:&quot;&quot;,&quot;created_timestamp&quot;:&quot;0&quot;,&quot;copyright&quot;:&quot;&quot;,&quot;focal_length&quot;:&quot;0&quot;,&quot;iso&quot;:&quot;0&quot;,&quot;shutter_speed&quot;:&quot;0&quot;,&quot;title&quot;:&quot;&quot;,&quot;orientation&quot;:&quot;0&quot;}\" data-image-title=\"vitoria\" data-image-description=\"\" data-image-caption=\"\" data-medium-file=\"https:\/\/blogdofinfa.com.br\/wp-content\/uploads\/2023\/02\/vitoria-237x300.png\" data-large-file=\"https:\/\/blogdofinfa.com.br\/wp-content\/uploads\/2023\/02\/vitoria.png\" data-lazy-loaded=\"1\" \/>Inaugura<\/strong>\u00a0\u2013 O prefeito Paulo Roberto, da Vit\u00f3ria de Santo Ant\u00e3o, inaugura nesta sexta-feira (17), \u00e0s 17 horas, a Alameda Geraldo Lima, novo espa\u00e7o gastron\u00f4mico no bairro do Livramento, com novos quiosques para quem frequenta o bairro. Paulo Roberto em seguida, participa do Baile Municipal na Esta\u00e7\u00e3o do Frevo.<\/p>\n<p><strong>Frase<\/strong>\u00a0\u2013<em>\u00a0\u201cQuando assumimos identificamos 160 ruas a cal\u00e7ar ou asfaltar em Afogados. Hoje s\u00e3o 126. Dessas ruas anunciadas, para 39 j\u00e1 temos o dinheiro\u201d.<\/em><strong>(Prefeito de Afogados da Ingazeira, Sandrinho Palmeira, em entrevista ontem (16), na R\u00e1dio Paje\u00fa, afirmando que at\u00e9 o final desta sua gest\u00e3o ser\u00e3o cal\u00e7adas ou asfaltadas mais 64 ruas)<\/strong><\/p>\n<p><strong>Disse<\/strong>\u00a0\u2013<em>\u00a0\u201cEu estou aqui pra anunciar mais uma a\u00e7\u00e3o inovadora da Prefeitura do Recife, que \u00e9 a Casa do Pequeno Foli\u00e3o. Muitas pessoas que v\u00e3o trabalhar no carnaval e que est\u00e3o em situa\u00e7\u00e3o de vulnerabilidade n\u00e3o t\u00eam onde deixar seus filhos e filhas pequenos. Ent\u00e3o, para as crian\u00e7as de 0 a 6 anos, filhos dos catadores, trabalhadores informais, ambulantes, a gente est\u00e1 fazendo uma busca ativa e colocando \u00e0 disposi\u00e7\u00e3o esse equipamento, que fica localizado numa creche escola\u201d.<\/em>\u00a0<strong>(Prefeito Jo\u00e3o Campos)<\/strong><\/p>\n<p><strong>Aviso<\/strong>\u00a0\u2013 Estaremos ausentes durante o carnaval, a partir da tarde desta sexta-feira (17). Com isso, a reda\u00e7\u00e3o ficar\u00e1 com a responsabilidade de Handerson Matheus, e estaremos voltando com esta Coluna,\u00a0 na pr\u00f3xima quinta-feira (23). Tenham um carnaval alegre e aben\u00e7oado por DEUS.<\/p>\n<p><span style=\"font-size: 36pt;\"><em>blog da folha PE | Edmar Lyra<\/em><\/span><\/p>\n<figure id=\"attachment_114982\" class=\"wp-caption alignleft\" style=\"width: 365px;\" aria-describedby=\"caption-attachment-114982\"><img loading=\"lazy\" decoding=\"async\" class=\" wp-image-114982 jetpack-lazy-image entered lazyloaded jetpack-lazy-image--handled\" src=\"https:\/\/i0.wp.com\/www.edmarlyra.com\/wp-content\/uploads\/2023\/02\/FB14B362-E53E-4953-8C7F-93CA87909D73.webp?resize=924%2C552&amp;is-pending-load=1#038;ssl=1\" sizes=\"(max-width: 924px) 100vw, 924px\" srcset=\"https:\/\/i0.wp.com\/www.edmarlyra.com\/wp-content\/uploads\/2023\/02\/FB14B362-E53E-4953-8C7F-93CA87909D73.webp?w=924&amp;ssl=1 924w, https:\/\/i0.wp.com\/www.edmarlyra.com\/wp-content\/uploads\/2023\/02\/FB14B362-E53E-4953-8C7F-93CA87909D73.webp?resize=300%2C179&amp;ssl=1 300w, https:\/\/i0.wp.com\/www.edmarlyra.com\/wp-content\/uploads\/2023\/02\/FB14B362-E53E-4953-8C7F-93CA87909D73.webp?resize=768%2C459&amp;ssl=1 768w\" alt=\"\" width=\"365\" height=\"218\" data-recalc-dims=\"1\" data-ll-status=\"loaded\" data-lazy-loaded=\"1\" \/><figcaption id=\"caption-attachment-114982\" class=\"wp-caption-text\">Foto: Reprodu\u00e7\u00e3o<\/figcaption><\/figure>\n<p><strong>Federa\u00e7\u00e3o entre UB e PP reaproxima partidos que surgiram da mesma raiz\u00a0<\/strong><\/p>\n<p>Os partidos Uni\u00e3o Brasil, presidido pelo deputado federal Luciano Bivar, e PP, presidido pelo senador Ciro Nogueira, caminham para uma federa\u00e7\u00e3o que se tornar\u00e1 o maior bloco do Congresso Nacional, suplantando legendas como PL e PT. O movimento vem acontecendo gra\u00e7as ao fim das coliga\u00e7\u00f5es proporcionais que reduziu os partidos com direito a financiamento p\u00fablico e guia eleitoral a 16 legendas, incluindo aqueles que participam de federa\u00e7\u00f5es como PV, PCdoB, PSOL, Rede Sustentabilidade e Cidadania, que sozinhos n\u00e3o teriam ultrapassado a cl\u00e1usula de barreira.<\/p>\n<p>A federa\u00e7\u00e3o entre Uni\u00e3o Brasil e PP ter\u00e1 106 deputados federais e dezesseis senadores, tornando-se a maior bancada tanto da C\u00e2mara dos Deputados quanto do Senado Federal. Apesar de estarem se unindo, os dois partidos sofreram muta\u00e7\u00f5es e surgiram de uma mesma \u00e1rvore geneal\u00f3gica, o Uni\u00e3o Brasil \u00e9 fruto de uma fus\u00e3o entre PSL e Democratas, que por sua vez era o antigo PFL, j\u00e1 o PP, foi o antigo PPB e antes chegou a ser o PDS, que foi suced\u00e2neo da Alian\u00e7a Renovadora Nacional. Coincidentemente o PFL surgiu de uma dissid\u00eancia do PDS, que aconteceu em 1985.<\/p>\n<p>Tanto o PP quanto o PFL chegaram a ter forte protagonismo no Congresso Nacional entre as d\u00e9cadas de 80 e 90, quando tinham juntos mais de 130 deputados federais em cada legislatura, at\u00e9 que com a ascens\u00e3o de Lula em 2003, os dois partidos foram diminuindo de tamanho, at\u00e9 a pior elei\u00e7\u00e3o dos dois partidos, quando o DEM elegeu apenas 21 deputados federais e o PP apenas 38. Com a ascens\u00e3o de Jair Bolsonaro em 2018, o ent\u00e3o nanico PSL se tornou grande e depois fundiu-se ao Democratas, formando o Uni\u00e3o Brasil, que em 2022 elegeu 59 deputados federais, e o PP 47 parlamentares.<\/p>\n<p>Com a concretiza\u00e7\u00e3o da federa\u00e7\u00e3o, UB e PP se fortalecem para as elei\u00e7\u00f5es municipais e dever\u00e3o ampliar de forma significativa seu tamanho no Congresso Nacional em 2026, onde qualquer que seja o presidente, inclusive o atual presidente Lula, precisar\u00e1 desta federa\u00e7\u00e3o para garantir a governabilidade tanto na C\u00e2mara dos Deputados quanto no Senado Federal.<span id=\"more-114977\"><\/span><\/p>\n<p><strong>For\u00e7as<\/strong>\u00a0\u2013 O PSOL solicitou ao STF que declare a inconstitucionalidade de interpreta\u00e7\u00f5es que \u201campliem as atribui\u00e7\u00f5es estabelecidas no artigo 142 da Constitui\u00e7\u00e3o Federal, que disp\u00f5e sobre o papel e a fun\u00e7\u00e3o das For\u00e7as Armadas\u201d. Segundo o partido, parcela \u201cradical\u201d do bolsonarismo tem defendido uma \u201cinterven\u00e7\u00e3o militar em raz\u00e3o de um suposto estado pol\u00edtico de coisas ileg\u00edtimo\u201d, com base em interpreta\u00e7\u00e3o \u201cmirabolante\u201d do artigo. O PSOL pede que \u201cn\u00e3o haja possibilidade de atribuir \u00e0s For\u00e7as Armadas o status de poder moderador do Brasil\u201d.<\/p>\n<p><strong>Queixa<\/strong>\u00a0\u2013 O ministro Nunes Marques, do STF, abriu prazo de 15 dias para que o deputado federal Eduardo Bolsonaro (PL-SP) apresente resposta \u00e0 queixa-crime por difama\u00e7\u00e3o apresentada contra ele pela cantora Daniela Mercury. Em abril de 2022, o parlamentar teria afirmado em texto que ela estaria sofrendo \u201cefeitos colaterais da abstin\u00eancia da Lei Rouanet\u201d.<\/p>\n<p><strong>Bom carnaval<\/strong>\u00a0\u2013 A partir de hoje entrarei num pequeno recesso de carnaval, voltando com a nossa coluna apenas na pr\u00f3xima quinta-feira. Desejo a todos um bom carnaval, que a paz prevale\u00e7a durante os festejos de momo.<\/p>\n<p><strong>Inocente quer saber<\/strong>\u00a0\u2013 Qual ser\u00e1 o efeito colateral da federa\u00e7\u00e3o entre UB e PP em Pernambuco?<\/p>\n<p><img decoding=\"async\" class=\"aligncenter\" src=\"https:\/\/lh3.googleusercontent.com\/8elA9G829mszfCHyfTWRXYNOtBOk1NxqcqzamQ5J6ZxvuOZA9X_dM2aSa_-O-KS7_8Syrkblfrgzfu_9WL6gYqLEWCq1oH68MFgQcoB7fnfilRW3t1A\" alt=\"Metr\u00f3poles Estudo de caso | Google Cloud\" \/><\/p>\n<div class=\"separator\"><a href=\"https:\/\/blogger.googleusercontent.com\/img\/b\/R29vZ2xl\/AVvXsEjsRPdUDJ_2TtClz1WcvmXIZQhHL6wmFX4x4nsbEoTWtdUk2ZLviyCyFX89jBjm_G3uilKQs5oalSydWUxTsRh7wlIyf84bEBYl1G74Z2eiks2Ncpnsz67CcxrRakNloeZQkaQyvHK9Q3t9AAnPJGZXdqzUM_4SliRX4nzHDrfOqS96GbN2Sc-vxCBoaA\/s800\/image.jpg\"><img loading=\"lazy\" decoding=\"async\" class=\"alignleft\" src=\"https:\/\/blogger.googleusercontent.com\/img\/b\/R29vZ2xl\/AVvXsEjsRPdUDJ_2TtClz1WcvmXIZQhHL6wmFX4x4nsbEoTWtdUk2ZLviyCyFX89jBjm_G3uilKQs5oalSydWUxTsRh7wlIyf84bEBYl1G74Z2eiks2Ncpnsz67CcxrRakNloeZQkaQyvHK9Q3t9AAnPJGZXdqzUM_4SliRX4nzHDrfOqS96GbN2Sc-vxCBoaA\/w395-h296\/image.jpg\" width=\"395\" height=\"296\" border=\"0\" data-original-height=\"600\" data-original-width=\"800\" \/><\/a>Metropoles \u2013 No pa\u00eds do carnaval, o recesso de fim de ano dos tr\u00eas Poderes s\u00f3 termina na pr\u00e1tica depois da quarta-feira de cinzas. Este ano foi diferente porque um novo governo tomou posse, e os partid\u00e1rios do anterior tentaram dar um golpe amador.<\/div>\n<p>A escassez de not\u00edcias relevantes diminui. Ent\u00e3o, brotam com exuber\u00e2ncia as flores do recesso \u2013 a discuss\u00e3o de fatos que, na maioria das vezes, n\u00e3o s\u00e3o fatos; que desaparecem quando fatos de verdade vierem a se impor depois do carnaval.<\/p>\n<p>No momento, quer flor do recesso mais atraente do que a possibilidade de Janja, mulher de Lula, enfrentar Michelle, mulher de Bolsonaro, na elei\u00e7\u00e3o presidencial daqui a quatro anos? E se Marina Silva e Simone Tebet decidirem concorrer, hein?<\/p>\n<p>Quem, fora n\u00f3s, jornalistas, se interessa por isso com tanta anteced\u00eancia? O interesse p\u00fablico, por enquanto, \u00e9 nenhum. Mas, Janja entra na Casa Branca de m\u00e3os dadas com Joe Biden, participa de reuni\u00f5es com ministros e palpita \u00e0 vontade.<\/p>\n<p>Dizem que poder\u00e1 at\u00e9 aparecer no desfile das escolas de samba na Sapuca\u00ed. O mais prov\u00e1vel \u00e9 que fique ao lado do marido que pretende descansar na base da Marinha, na Bahia. A n\u00e3o ser que ele desembarque na passarela do samba. Tudo \u00e9 poss\u00edvel.<\/p>\n<p>Aten\u00e7\u00e3o! Michelle assumiu a presid\u00eancia do setor feminino do PL de Valdemar Costa Neto. \u00c9 o partido de Bolsonaro. Michelle tem ambi\u00e7\u00f5es pol\u00edticas \u2013 ela nega, mas todos insistem que tem. Se o marido for impedido de se candidatar, por que n\u00e3o ela?<\/p>\n<p>A\u00ed vem a tentadora compara\u00e7\u00e3o de Janja e de Michelle com Evita Per\u00f3n, mulher do ex-ditador Juan Domingo Per\u00f3n. Evita foi endeusada como a m\u00e3e dos pobres. Um c\u00e2ncer a matou no auge do poder. Per\u00f3n governou a Argentina tr\u00eas vezes, sendo deposto duas.<\/p>\n<p>Da terceira vez, Isabelita, sua nova mulher, se elegeu vice-presidente. Per\u00f3n morreu sem completar o mandato. Isabelita o sucedeu, mas um golpe militar a derrubou. O que Janja e Michelle t\u00eam a ver com isso? S\u00f3 por que s\u00e3o mulheres? Bela flor do recesso!<\/p>\n<p>Somos jardineiros aplicados, embora nem sempre bem-sucedidos. O golpe de 8 de janeiro n\u00e3o foi uma flor, muito menos bela. Ainda dar\u00e1 muito o que falar. Sua verdadeira hist\u00f3ria est\u00e1 por ser escrita. Fl\u00e1vio Dino, ministro da Justi\u00e7a, sabe, mas n\u00e3o quer contar.<\/p>\n<p><img decoding=\"async\" class=\"aligncenter\" src=\"https:\/\/www.gncnews.com.br\/assets\/uploads\/a8e5ce8dd382d07bd99df3226a091d25.png\" alt=\"Blog do Elielson\" \/><\/p>\n<p><img loading=\"lazy\" decoding=\"async\" class=\"alignleft\" src=\"https:\/\/gncnews.com.br\/img\/crop?img=d5f04f294e337f8f43e839bb0654f3d5.jpeg&amp;w=800&amp;h=400&amp;fit=crop&amp;fm=jpq&amp;q=90\" width=\"386\" height=\"193\" \/><\/p>\n<p>A poss\u00edvel federa\u00e7\u00e3o entre o Uni\u00e3o Brasil e os Progressistas, que j\u00e1 anda em passos largos para se concretizar, criar\u00e1 uma super legenda, que ao mesmo tempo ser\u00e1 um polo de atra\u00e7\u00e3o para os novos quadros, sobretudo os que v\u00e3o disputar as elei\u00e7\u00f5es municipais em 2024. Juntos, os partidos v\u00e3o corresponder mais de 20% do tempo de propaganda eleitoral de R\u00e1dio e TV, al\u00e9m de um fundo eleitoral gigante.<\/p>\n<p>Em Pernambuco, os presidentes das legendas, os deputados Eduardo da Fonte (PP) e Luciano Bivar (UB), j\u00e1 mant\u00e9m uma sintonia pol\u00edtica desde o tempo de Carlos Wilson. Unidos, eles ter\u00e3o um tamanho que dar\u00e1 inveja a qualquer sigla. Essa federa\u00e7\u00e3o ir\u00e1 contribuir diretamente para as articula\u00e7\u00f5es pol\u00edticas do Governo Raquel Lyra. Cidades estrat\u00e9gicas como Caruaru, Petrolina e Recife, em que o tempo de propaganda eleitoral tem seu peso, o candidato que estiver filiado ou na composi\u00e7\u00e3o com a essa federa\u00e7\u00e3o largar\u00e1 na frente.<\/p>\n<p>O efeito disso na pol\u00edtica estadual \u00e9 que, juntos, Eduardo da Fonte e Luciano Bivar v\u00e3o pilotar um verdadeiro \u201ccanh\u00e3o eleitoral\u201d. Em Bras\u00edlia, a articula\u00e7\u00e3o para concretizar essa federa\u00e7\u00e3o ser\u00e1 retomada ap\u00f3s o Carnaval e ainda no in\u00edcio de mar\u00e7o ser\u00e1 o prazo decisivo.<\/p>\n<p><strong>PAUSA<\/strong>\u00a0\u2013 Ainda enlutada e com todas as motiva\u00e7\u00f5es bem justificativas, a governadora Raquel Lyra (PSDB) preferiu se recolher com seus filhos para uma viagem, se distanciando dos festejos de momo do Estado. Ontem, ela transmitiu o cargo para sua vice, Priscila Krause. Essa \u00e9 a primeira vez que uma mulher entrega a outra o comando de Pernambuco.<\/p>\n<p><strong>PLAY NO CARNAVAL<\/strong>\u00a0\u2013 Com a batuta do Estado, a governadora em exerc\u00edcio Priscila Krause (Cidadania) e o secret\u00e1rio de Turismo, Daniel Coelho, v\u00e3o rodar os quatro cantos de Pernambuco durante o per\u00edodo momesco. Ontem, ela j\u00e1 bateu o cart\u00e3o na abertura do Carnaval de Olinda. Na agenda, vai prestigiar o Galo da Madrugada, Bezerros, Casa da Rabeca e outras cidades do Interior.<\/p>\n<p><strong>MERCADO INTERNACIONAL<\/strong>\u00a0\u2013 Ex-companheiro de chapa da governadora, o presidente da Associa\u00e7\u00e3o Brasileira dos Produtores e Exportadores de Frutas e Derivados (Abrafrutas), Guilherme Coelho, teve um encontro com Raquel Lyra e o presidente da Ag\u00eancia Brasileira de Promo\u00e7\u00e3o de Exporta\u00e7\u00f5es e Investimentos (ApexBrasil), Jorge Viana. O objetivo da visita \u00e9 aproximar a ag\u00eancia dos governos estaduais e municipais, refor\u00e7ando o seu papel como parceira na capacita\u00e7\u00e3o de empresas para a exporta\u00e7\u00e3o.<\/p>\n<p><strong>R\u00c1PIDAS<\/strong><\/p>\n<p><strong>NOVOS DEPUTADOS<\/strong>\u00a0\u2013 Ap\u00f3s anunciar o apoio ao deputado federal Eduardo da Fonte, a prefeita de Camutanga, Talita Fonseca, confirmou a parceria com o deputado estadual Jeferson Tim\u00f3teo, tamb\u00e9m do PP. \u201cTenho certezade que ele ajudar\u00e1 muito Camutanga. Para que possamos seguir transformando a vida dos que mais precisam\u201d, disse Talita.<\/p>\n<p><strong>AMUPE<\/strong>\u00a0&#8211; A \u201cchapa do consenso\u201d para a Associa\u00e7\u00e3o Municipalista de Pernambuco, encabe\u00e7ada por M\u00e1rcia Conrado (PT) e Marcelo Gouveia (PSD), vai fazer o registro da chapa para a elei\u00e7\u00e3o, que acontece no pr\u00f3ximo dia 28 de fevereiro. Ficou combinado que a prefeita M\u00e1rcia ficar\u00e1 um ano e Marcelo outro.<\/p>\n<p><strong>CHEGOU 2024<\/strong>\u00a0\u2013 Como passa uma elei\u00e7\u00e3o e j\u00e1 come\u00e7a a outra, muitos pol\u00edticos e aliados est\u00e3o animando a secret\u00e1ria D\u00e9a de Paula, filha do ministro da Pesca Andr\u00e9 de Paula, para que ela concorra a uma vaga na Casa Jos\u00e9 Mariano na elei\u00e7\u00e3o do pr\u00f3ximo ano.<\/p>\n<p><strong>CONTAS<\/strong>\u00a0&#8211; O ex-prefeito de S\u00e3o Vicente Ferrer, Fl\u00e1vio Regis comemorou a aprova\u00e7\u00e3o de sua oitava conta pelo Tribunal de Contas do Estado.<\/p>\n<p><strong>PISOU NA BOLA<\/strong>\u00a0\u2013 A equipe de comunica\u00e7\u00e3o do Galo da Madrugada pisou na bola no tratamento com a imprensa. Quem se credenciou para cobrir a festa recebeu uma resposta grosseira e com linguagem que n\u00e3o condiz com o tamanho e a import\u00e2ncia do bloco. A falta de respeito deveria ser reparada pela dire\u00e7\u00e3o do Galo. Fica a dica para no pr\u00f3ximo ano trocar a empresa de assessoria.<\/p>\n<p><strong>PAUSA PARA O CARNAVAL<\/strong>\u00a0&#8211; \u00a0Iremos fazer uma breve pausa durante o per\u00edodo do Carnaval e voltaremos com a nossa coluna na quarta-feira de cinzas. Aproveitem as festas em paz e com muita seguran\u00e7a. At\u00e9 l\u00e1!<\/p>\n<p><strong>PINGA-FOGO: Ter\u00e1 reviravolta na indica\u00e7\u00e3o do comando da Codevasf?<\/strong><\/p>\n","protected":false},"excerpt":{"rendered":"<p>blog do FinFa Reunida com deputado&nbsp;&ndash; A prefeita de Serra Talhada, esteve na tarde desta quinta-feira (16), reunida com o deputado federal, Fernando Monteiro, para apresentar o planejamento das a&ccedil;&otilde;es neste ano de 2023. Segundo a prefeita, a not&iacute;cia boa para os serra-talhadenses &eacute; que o deputado Fernando Monteiro, j&aacute; garantiu emendas para a sa&uacute;de, &#8230; <a title=\"| | | | \u2013 Giro pelos Blog\u2019S Sexta-feira (17\/02\/2023) \u2013 | | | |\" class=\"read-more\" href=\"https:\/\/blogdomarcellopatriota.com.br\/blog\/69229-2\/\" aria-label=\"Read more about | | | | \u2013 Giro pelos Blog\u2019S Sexta-feira (17\/02\/2023) \u2013 | | | |\">Ler mais<\/a><\/p>\n","protected":false},"author":2,"featured_media":0,"comment_status":"closed","ping_status":"closed","sticky":false,"template":"","format":"standard","meta":{"footnotes":""},"categories":[1],"tags":[],"class_list":["post-69229","post","type-post","status-publish","format-standard","hentry","category-sem-categoria"],"_links":{"self":[{"href":"https:\/\/blogdomarcellopatriota.com.br\/blog\/wp-json\/wp\/v2\/posts\/69229","targetHints":{"allow":["GET"]}}],"collection":[{"href":"https:\/\/blogdomarcellopatriota.com.br\/blog\/wp-json\/wp\/v2\/posts"}],"about":[{"href":"https:\/\/blogdomarcellopatriota.com.br\/blog\/wp-json\/wp\/v2\/types\/post"}],"author":[{"embeddable":true,"href":"https:\/\/blogdomarcellopatriota.com.br\/blog\/wp-json\/wp\/v2\/users\/2"}],"replies":[{"embeddable":true,"href":"https:\/\/blogdomarcellopatriota.com.br\/blog\/wp-json\/wp\/v2\/comments?post=69229"}],"version-history":[{"count":4,"href":"https:\/\/blogdomarcellopatriota.com.br\/blog\/wp-json\/wp\/v2\/posts\/69229\/revisions"}],"predecessor-version":[{"id":69234,"href":"https:\/\/blogdomarcellopatriota.com.br\/blog\/wp-json\/wp\/v2\/posts\/69229\/revisions\/69234"}],"wp:attachment":[{"href":"https:\/\/blogdomarcellopatriota.com.br\/blog\/wp-json\/wp\/v2\/media?parent=69229"}],"wp:term":[{"taxonomy":"category","embeddable":true,"href":"https:\/\/blogdomarcellopatriota.com.br\/blog\/wp-json\/wp\/v2\/categories?post=69229"},{"taxonomy":"post_tag","embeddable":true,"href":"https:\/\/blogdomarcellopatriota.com.br\/blog\/wp-json\/wp\/v2\/tags?post=69229"}],"curies":[{"name":"wp","href":"https:\/\/api.w.org\/{rel}","templated":true}]}}